{"id":232856,"date":"2026-04-29T16:06:26","date_gmt":"2026-04-29T14:06:26","guid":{"rendered":"https:\/\/radiostargjilan.com\/web\/?p=232856"},"modified":"2026-04-29T16:06:26","modified_gmt":"2026-04-29T14:06:26","slug":"pdk-ldk-aak-plas-luan-aliu-ironizon-opoziten-kur-vendi-kerkon-zgjidhje-ata-prodhojne-bllokade","status":"publish","type":"post","link":"https:\/\/radiostargjilan.com\/web\/pdk-ldk-aak-plas-luan-aliu-ironizon-opoziten-kur-vendi-kerkon-zgjidhje-ata-prodhojne-bllokade\/","title":{"rendered":"\u201cPDK-LDK-AAK, PLAS\u201d \u2013 Luan Aliu ironizon opozit\u00ebn: Kur vendi k\u00ebrkon zgjidhje, ata prodhojn\u00eb bllokad\u00eb"},"content":{"rendered":"<p>Deputeti i L\u00ebvizja VET\u00cbVENDOSJE!, Luan Aliu, ka reaguar p\u00ebrmes nj\u00eb statusi publik ndaj partive opozitare n\u00eb vend, duke i akuzuar ato p\u00ebr bllokim institucional dhe pengim t\u00eb proceseve politike.<\/p>\n<p>N\u00eb reagimin e tij, Aliu ka p\u00ebrmendur Partia Demokratike e Kosov\u00ebs, Lidhja Demokratike e Kosov\u00ebs, Aleanca p\u00ebr Ardhm\u00ebrin\u00eb e Kosov\u00ebs dhe Lista Serbe, p\u00ebr t\u00eb cilat tha se po veprojn\u00eb n\u00eb nj\u00eb linj\u00eb t\u00eb p\u00ebrbashk\u00ebt kund\u00ebr, si\u00e7 u shpreh ai, \u201c\u00e7do hapi p\u00ebrpara\u201d.<\/p>\n<p>Sipas deputetit t\u00eb VV-s\u00eb, opozita ka penguar iniciativa q\u00eb lidhen me qytetar\u00ebt dhe proceset shtet\u00ebrore, duke shtuar se qytetar\u00ebt po e v\u00ebrejn\u00eb k\u00ebt\u00eb qasje politike.\/Radio Star\/<\/p>\n<p>Ky \u00ebsht\u00eb postimi i plot\u00eb i deputetit Luan Aliu:<\/p>\n<p>\u201cPLAS!<br \/>\nPDK \u2013 LDK \u2013 AAK \u2013 Srpska<\/p>\n<p>Kur vendi k\u00ebrkon zgjidhje, ata prodhojn\u00eb bllokad\u00eb.<br \/>\nKur qytetar\u00ebt k\u00ebrkojn\u00eb mb\u00ebshtetje, ata japin refuzim.<br \/>\nKur duhet shtet, ata b\u00ebjn\u00eb hesap.<\/p>\n<p>Jo gabim. Jo rast\u00ebsi.<br \/>\nPor nj\u00eb vij\u00eb e qart\u00eb, kund\u00ebr \u00e7do hapi p\u00ebrpara.<\/p>\n<p>Penguan pakon p\u00ebr qytetar\u00ebt.<br \/>\nBllokuan zgjedhjen e Presidentes.<br \/>\nDhe \u00e7do dit\u00eb d\u00ebshmojn\u00eb t\u00eb nj\u00ebjt\u00ebn fytyr\u00eb:<br \/>\nnj\u00eb opozit\u00eb q\u00eb nuk nd\u00ebrton, por ndalon;<br \/>\nq\u00eb nuk p\u00ebrfaq\u00ebson, por frenon;<br \/>\nq\u00eb nuk ofron, por bllokon.<\/p>\n<p>Qytetar\u00ebt nuk harrojn\u00eb.<br \/>\nZ\u00ebri i tyre po rritet.<br \/>\nDhe p\u00ebrgjigjja po afrohet.<\/p>\n<p>Shihemi shum\u00eb shpejt.<\/p>\n<p>L\u00ebvizja VET\u00cbVENDOSJE!\u201d<\/p>\n","protected":false},"excerpt":{"rendered":"<p>Deputeti i L\u00ebvizja VET\u00cbVENDOSJE!, Luan Aliu, ka reaguar p\u00ebrmes nj\u00eb statusi publik ndaj partive opozitare n\u00eb vend, duke i akuzuar ato p\u00ebr bllokim institucional dhe pengim t\u00eb proceseve politike. N\u00eb reagimin e tij, Aliu ka p\u00ebrmendur Partia Demokratike e Kosov\u00ebs, Lidhja Demokratike e Kosov\u00ebs, Aleanca p\u00ebr Ardhm\u00ebrin\u00eb e Kosov\u00ebs dhe Lista Serbe, p\u00ebr t\u00eb cilat [&hellip;]<\/p>\n","protected":false},"author":1,"featured_media":232857,"comment_status":"closed","ping_status":"closed","sticky":false,"template":"","format":"standard","meta":{"footnotes":""},"categories":[5],"tags":[],"class_list":{"0":"post-232856","1":"post","2":"type-post","3":"status-publish","4":"format-standard","5":"has-post-thumbnail","7":"category-lajme"},"_links":{"self":[{"href":"https:\/\/radiostargjilan.com\/web\/wp-json\/wp\/v2\/posts\/232856","targetHints":{"allow":["GET"]}}],"collection":[{"href":"https:\/\/radiostargjilan.com\/web\/wp-json\/wp\/v2\/posts"}],"about":[{"href":"https:\/\/radiostargjilan.com\/web\/wp-json\/wp\/v2\/types\/post"}],"author":[{"embeddable":true,"href":"https:\/\/radiostargjilan.com\/web\/wp-json\/wp\/v2\/users\/1"}],"replies":[{"embeddable":true,"href":"https:\/\/radiostargjilan.com\/web\/wp-json\/wp\/v2\/comments?post=232856"}],"version-history":[{"count":1,"href":"https:\/\/radiostargjilan.com\/web\/wp-json\/wp\/v2\/posts\/232856\/revisions"}],"predecessor-version":[{"id":232858,"href":"https:\/\/radiostargjilan.com\/web\/wp-json\/wp\/v2\/posts\/232856\/revisions\/232858"}],"wp:featuredmedia":[{"embeddable":true,"href":"https:\/\/radiostargjilan.com\/web\/wp-json\/wp\/v2\/media\/232857"}],"wp:attachment":[{"href":"https:\/\/radiostargjilan.com\/web\/wp-json\/wp\/v2\/media?parent=232856"}],"wp:term":[{"taxonomy":"category","embeddable":true,"href":"https:\/\/radiostargjilan.com\/web\/wp-json\/wp\/v2\/categories?post=232856"},{"taxonomy":"post_tag","embeddable":true,"href":"https:\/\/radiostargjilan.com\/web\/wp-json\/wp\/v2\/tags?post=232856"}],"curies":[{"name":"wp","href":"https:\/\/api.w.org\/{rel}","templated":true}]}}