{"id":232866,"date":"2026-04-29T19:17:41","date_gmt":"2026-04-29T17:17:41","guid":{"rendered":"https:\/\/radiostargjilan.com\/web\/?p=232866"},"modified":"2026-04-29T19:17:41","modified_gmt":"2026-04-29T17:17:41","slug":"ambasada-e-shba-se-mohon-te-kete-mbeshtetur-kandidaturen-e-feride-rushitit","status":"publish","type":"post","link":"https:\/\/radiostargjilan.com\/web\/ambasada-e-shba-se-mohon-te-kete-mbeshtetur-kandidaturen-e-feride-rushitit\/","title":{"rendered":"Ambasada e SHBA-s\u00eb mohon t\u00eb ket\u00eb mb\u00ebshtetur kandidatur\u00ebn e Feride Rushitit"},"content":{"rendered":"<p>Ish-kandidatja p\u00ebr presidente, Feride Rushiti, pas d\u00ebshtimit t\u00eb seanc\u00ebs s\u00eb jasht\u00ebzakonshme p\u00ebr zgjidhjen e presidentit, n\u00eb nj\u00eb konferenc\u00eb p\u00ebr media deklaroi se ndaj saj pati k\u00ebrkesa edhe nga nd\u00ebrkomb\u00ebtar\u00ebt q\u00eb t\u00eb garonte p\u00ebr presidente. Ndon\u00ebse foli n\u00eb shum\u00ebs, kur u pyet specifikisht se cila ambasad\u00eb ia k\u00ebrkoi q\u00eb ajo t\u00eb kandidohej p\u00ebr presidente, Rushiti tha se k\u00ebrkesa iu ishte parashtruar nga britanik\u00ebt. Ajo p\u00ebrmendi se p\u00ebrgjat\u00eb dit\u00ebs s\u00eb djeshme edhe ka qen\u00eb n\u00eb kontakt me t\u00eb d\u00ebrguaren amerikane me pun\u00eb n\u00eb Kosov\u00eb.<\/p>\n<p>Gazeta Insajderi iu \u00ebsht\u00eb drejtuar me pyetje edhe ambasad\u00ebs amerikane n\u00eb Prishtin\u00eb, p\u00ebr t\u2019u sqaruar n\u00ebse Washingtoni zyrtar ka pasur ndonj\u00eb preferenc\u00eb lidhur me kandidat\u00ebt p\u00ebr president\u00eb. N\u00eb pyetjen drejtuar ambasad\u00ebs, Insajderi p\u00ebrmendi edhe emrin e ish-kandidates Rushiti, duke k\u00ebrkuar t\u00eb dij\u00eb n\u00ebse ka pasur ndonj\u00eb mb\u00ebshtetjeje n\u00eb form\u00eb institucionale p\u00ebr t\u00eb.<\/p>\n<p>Nj\u00eb z\u00ebdh\u00ebn\u00ebs i ambasad\u00ebs amerikane p\u00ebr Insajderin deklaroi se SHBA\u2019t\u00eb s\u2019kan\u00eb kurrfar\u00eb roli n\u00eb propozimin e kandidat\u00ebve dhe se \u00ebsht\u00eb p\u00ebrgjegj\u00ebsi e t\u00eb besuarve t\u00eb popullit q\u00eb t\u00eb zgjidhet \u00e7\u00ebshtja e t\u00eb parit t\u00eb shtetit.<\/p>\n<p>\u201cShtetet e Bashkuara nuk kan\u00eb asnj\u00eb rol n\u00eb propozimin e kandidat\u00ebve p\u00ebr procesin zgjedhor presidencial n\u00eb Kosov\u00eb. \u00cbsht\u00eb p\u00ebrgjegj\u00ebsi e Kuvendit dhe udh\u00ebheq\u00ebsve politik\u00eb t\u00eb zgjedhin presidentin\u201c, u tha n\u00eb p\u00ebrgjigjen e ambasad\u00ebs amerikane.<\/p>\n<p>Nacionale p\u00ebrgjat\u00eb dit\u00ebs raportoi se Ambasada e Mbret\u00ebris\u00eb s\u00eb Bashkuar ka p\u00ebrg\u00ebnjeshtruar pretendimin e shpaluar mbr\u00ebm\u00eb nga Kryetari i Vet\u00ebvendosjes, Albin Kurti dhe kandidatja e Vet\u00ebvendosjes p\u00ebr presidente t\u00eb vendit, Feride Rushiti, se ishte ambasada britanike q\u00eb e mb\u00ebshteti kandidatur\u00ebn e saj p\u00ebr presidente t\u00eb vendit.<\/p>\n<p>Ambasada e Mbret\u00ebris\u00eb s\u00eb Bashkuar n\u00eb nj\u00eb p\u00ebrgjigje me shkrim e mohoi, duk\u00eb th\u00ebn\u00eb se \u201cnuk ka asnj\u00eb rol n\u00eb propozim a mb\u00ebshtetje\u201d t\u00eb ndonj\u00eb kandidati p\u00ebr president t\u00eb vendit, dhe se \u201cas nuk e ka b\u00ebr\u00eb nj\u00eb gj\u00eb t\u00eb till\u00eb\u201d.<\/p>\n<p>Rushiti p\u00ebrgjat\u00eb konferenc\u00ebs p\u00ebr media, kur u pyet se kush jan\u00eb akter\u00ebt nd\u00ebrkomb\u00ebtar\u00eb q\u00eb propozuan q\u00eb ajo t\u00eb kandidohej, p\u00ebrmendi ambasad\u00ebn britanike dhe potencoi se gjat\u00eb dit\u00ebs ishte n\u00eb kontakt me t\u00eb deleguar\u00ebn amerikane p\u00ebr diplomaci n\u00eb Kosov\u00eb.<\/p>\n<p>\u201cPartner\u00ebt nd\u00ebrkomb\u00ebtar n\u00ebse mund t\u2019i them jan\u00eb ambasada angleze, me t\u00eb cil\u00ebt bashk\u00ebpunoj dhe m\u00eb mb\u00ebshtesin qe sa vite. K\u00ebt\u00eb propozim ma kan\u00eb b\u00eb edhe m\u00eb her\u00ebt, para se me vendos, dhe kam than\u00eb \u201cjo.\u201d Sepse kam mendu q\u00eb ka me pas zgjidhje politike. Pastaj sot kam qen\u00eb edhe me ambasadoren amerikane n\u00eb kontakt. M\u00eb kan\u00eb p\u00ebruru p\u00ebr guximin q\u00eb e kam marr\u00eb. Un\u00eb edhe jam \u201cgrua e guximshme\u201d prej Departamentit t\u00eb Shtetit amerikan,\u201d tha Rushiti.<\/p>\n","protected":false},"excerpt":{"rendered":"<p>Ish-kandidatja p\u00ebr presidente, Feride Rushiti, pas d\u00ebshtimit t\u00eb seanc\u00ebs s\u00eb jasht\u00ebzakonshme p\u00ebr zgjidhjen e presidentit, n\u00eb nj\u00eb konferenc\u00eb p\u00ebr media deklaroi se ndaj saj pati k\u00ebrkesa edhe nga nd\u00ebrkomb\u00ebtar\u00ebt q\u00eb t\u00eb garonte p\u00ebr presidente. Ndon\u00ebse foli n\u00eb shum\u00ebs, kur u pyet specifikisht se cila ambasad\u00eb ia k\u00ebrkoi q\u00eb ajo t\u00eb kandidohej p\u00ebr presidente, Rushiti tha [&hellip;]<\/p>\n","protected":false},"author":1,"featured_media":232867,"comment_status":"closed","ping_status":"closed","sticky":false,"template":"","format":"standard","meta":{"footnotes":""},"categories":[5],"tags":[],"class_list":{"0":"post-232866","1":"post","2":"type-post","3":"status-publish","4":"format-standard","5":"has-post-thumbnail","7":"category-lajme"},"_links":{"self":[{"href":"https:\/\/radiostargjilan.com\/web\/wp-json\/wp\/v2\/posts\/232866","targetHints":{"allow":["GET"]}}],"collection":[{"href":"https:\/\/radiostargjilan.com\/web\/wp-json\/wp\/v2\/posts"}],"about":[{"href":"https:\/\/radiostargjilan.com\/web\/wp-json\/wp\/v2\/types\/post"}],"author":[{"embeddable":true,"href":"https:\/\/radiostargjilan.com\/web\/wp-json\/wp\/v2\/users\/1"}],"replies":[{"embeddable":true,"href":"https:\/\/radiostargjilan.com\/web\/wp-json\/wp\/v2\/comments?post=232866"}],"version-history":[{"count":1,"href":"https:\/\/radiostargjilan.com\/web\/wp-json\/wp\/v2\/posts\/232866\/revisions"}],"predecessor-version":[{"id":232868,"href":"https:\/\/radiostargjilan.com\/web\/wp-json\/wp\/v2\/posts\/232866\/revisions\/232868"}],"wp:featuredmedia":[{"embeddable":true,"href":"https:\/\/radiostargjilan.com\/web\/wp-json\/wp\/v2\/media\/232867"}],"wp:attachment":[{"href":"https:\/\/radiostargjilan.com\/web\/wp-json\/wp\/v2\/media?parent=232866"}],"wp:term":[{"taxonomy":"category","embeddable":true,"href":"https:\/\/radiostargjilan.com\/web\/wp-json\/wp\/v2\/categories?post=232866"},{"taxonomy":"post_tag","embeddable":true,"href":"https:\/\/radiostargjilan.com\/web\/wp-json\/wp\/v2\/tags?post=232866"}],"curies":[{"name":"wp","href":"https:\/\/api.w.org\/{rel}","templated":true}]}}