{"id":232869,"date":"2026-04-29T21:05:40","date_gmt":"2026-04-29T19:05:40","guid":{"rendered":"https:\/\/radiostargjilan.com\/web\/?p=232869"},"modified":"2026-04-29T21:05:40","modified_gmt":"2026-04-29T19:05:40","slug":"kqz-ne-pritje-te-dates-se-zgjedhjeve-elezi-tregon-vendimin-e-pare-qe-pritet-te-merret","status":"publish","type":"post","link":"https:\/\/radiostargjilan.com\/web\/kqz-ne-pritje-te-dates-se-zgjedhjeve-elezi-tregon-vendimin-e-pare-qe-pritet-te-merret\/","title":{"rendered":"KQZ n\u00eb pritje t\u00eb dat\u00ebs s\u00eb zgjedhjeve, Elezi tregon vendimin e par\u00eb q\u00eb pritet t\u00eb merret"},"content":{"rendered":"<p>Z\u00ebdh\u00ebn\u00ebsi i Komisionit Qendror t\u00eb Zgjedhjeve, Valmir Elezi, ka deklaruar se KQZ-ja \u00ebsht\u00eb n\u00eb pritje t\u00eb vendimit p\u00ebr caktimin zyrtar t\u00eb dat\u00ebs s\u00eb zgjedhjeve.<\/p>\n<p>N\u00eb emisionin FIVE, Elezi tha se organizimi i zgjedhjeve do t\u00eb b\u00ebhet n\u00eb afate t\u00eb shkurtra kohore.<\/p>\n<p>Ai shtoi se nj\u00eb nga vendimet e para q\u00eb do t\u00eb nd\u00ebrmarr\u00eb KQZ, pas caktimit t\u00eb dat\u00ebs, do t\u00eb jet\u00eb rishikimi i afateve t\u00eb aktiviteteve zgjedhore dhe p\u00ebrshtatja e tyre sipas rrethanave.<\/p>\n<p>Sipas tij, kjo do t\u00eb varet nga koha n\u00eb dispozicion p\u00ebr organizimin e procesit, nga momenti i shpalljes s\u00eb zgjedhjeve deri n\u00eb dit\u00ebn e votimit.<\/p>\n<p>\u201cAktualisht jemi ne pritje t\u00eb vendimit p\u00ebr caktimin zyrtar t\u00eb dat\u00ebs p\u00ebr mbajtjen e zgjedhjeve. Organizimi i tyre do t\u00eb behet ne afatet e shkurtra kohore, dhe nj\u00eb nga vendimet e para q\u00eb do t\u00eb nd\u00ebrmarr\u00eb KQZ pasi t\u00eb caktohet zyrtarisht data e zgjedhjeve at\u00ebher\u00eb do t\u00eb jet\u00eb ndryshimi i afateve kohore t\u00eb aktiviteteve zgjedhor edhe p\u00ebrshtatja e tyre sipas nevoj\u00ebs dhe rrethanave. Kjo do t\u00eb varet nga ajo se sa kemi n\u00eb dispozicion p\u00ebr t\u00eb organizuar procesin zgjedhor nga dita e shpalljes s\u00eb dat\u00ebs s\u00eb zgjedhjeve deri ne dit\u00ebn e zgjedhjeve\u201d, ka deklaruar Elezi.<\/p>\n","protected":false},"excerpt":{"rendered":"<p>Z\u00ebdh\u00ebn\u00ebsi i Komisionit Qendror t\u00eb Zgjedhjeve, Valmir Elezi, ka deklaruar se KQZ-ja \u00ebsht\u00eb n\u00eb pritje t\u00eb vendimit p\u00ebr caktimin zyrtar t\u00eb dat\u00ebs s\u00eb zgjedhjeve. N\u00eb emisionin FIVE, Elezi tha se organizimi i zgjedhjeve do t\u00eb b\u00ebhet n\u00eb afate t\u00eb shkurtra kohore. Ai shtoi se nj\u00eb nga vendimet e para q\u00eb do t\u00eb nd\u00ebrmarr\u00eb KQZ, pas [&hellip;]<\/p>\n","protected":false},"author":1,"featured_media":232870,"comment_status":"closed","ping_status":"closed","sticky":false,"template":"","format":"standard","meta":{"footnotes":""},"categories":[5],"tags":[],"class_list":{"0":"post-232869","1":"post","2":"type-post","3":"status-publish","4":"format-standard","5":"has-post-thumbnail","7":"category-lajme"},"_links":{"self":[{"href":"https:\/\/radiostargjilan.com\/web\/wp-json\/wp\/v2\/posts\/232869","targetHints":{"allow":["GET"]}}],"collection":[{"href":"https:\/\/radiostargjilan.com\/web\/wp-json\/wp\/v2\/posts"}],"about":[{"href":"https:\/\/radiostargjilan.com\/web\/wp-json\/wp\/v2\/types\/post"}],"author":[{"embeddable":true,"href":"https:\/\/radiostargjilan.com\/web\/wp-json\/wp\/v2\/users\/1"}],"replies":[{"embeddable":true,"href":"https:\/\/radiostargjilan.com\/web\/wp-json\/wp\/v2\/comments?post=232869"}],"version-history":[{"count":1,"href":"https:\/\/radiostargjilan.com\/web\/wp-json\/wp\/v2\/posts\/232869\/revisions"}],"predecessor-version":[{"id":232871,"href":"https:\/\/radiostargjilan.com\/web\/wp-json\/wp\/v2\/posts\/232869\/revisions\/232871"}],"wp:featuredmedia":[{"embeddable":true,"href":"https:\/\/radiostargjilan.com\/web\/wp-json\/wp\/v2\/media\/232870"}],"wp:attachment":[{"href":"https:\/\/radiostargjilan.com\/web\/wp-json\/wp\/v2\/media?parent=232869"}],"wp:term":[{"taxonomy":"category","embeddable":true,"href":"https:\/\/radiostargjilan.com\/web\/wp-json\/wp\/v2\/categories?post=232869"},{"taxonomy":"post_tag","embeddable":true,"href":"https:\/\/radiostargjilan.com\/web\/wp-json\/wp\/v2\/tags?post=232869"}],"curies":[{"name":"wp","href":"https:\/\/api.w.org\/{rel}","templated":true}]}}