{"id":232872,"date":"2026-04-29T23:11:26","date_gmt":"2026-04-29T21:11:26","guid":{"rendered":"https:\/\/radiostargjilan.com\/web\/?p=232872"},"modified":"2026-04-29T23:11:26","modified_gmt":"2026-04-29T21:11:26","slug":"albin-kurti-zhvillon-nje-takim-virtual-me-ministrin-francez-haddad","status":"publish","type":"post","link":"https:\/\/radiostargjilan.com\/web\/albin-kurti-zhvillon-nje-takim-virtual-me-ministrin-francez-haddad\/","title":{"rendered":"Albin Kurti zhvillon nj\u00eb takim virtual me ministrin francez, Haddad"},"content":{"rendered":"<p>Kryeministri Albin Kurti ka zhvilluar nj\u00eb takim virtual me ministrin francez p\u00ebr Evrop\u00ebn, Benjamin Haddad.<\/p>\n<p>N\u00eb nj\u00eb komunikat\u00eb p\u00ebr media nga zyra e tij, thuhet se pal\u00ebt kan\u00eb biseduar p\u00ebr bashk\u00ebpunimin n\u00eb kuad\u00ebr t\u00eb Loj\u00ebrave Mesdhetare 2030.<\/p>\n<p>\u201cKryeministri Kurti tha se Kosova mbetet e p\u00ebrkushtuar n\u00eb rrug\u00ebn e saj t\u00eb integrimit evropian, si dhe pret marrjen e Pyet\u00ebsorit t\u00eb Komisionit Evropian drejt fitimit t\u00eb statusit t\u00eb vendit kandidat. Ai theksoi se ky proces kontribuon drejtp\u00ebrdrejt n\u00eb avancimin e reformave t\u00eb brendshme, sidomos t\u00eb administrat\u00ebs publike dhe t\u00eb gjyq\u00ebsorit.<\/p>\n<p>T\u00eb dyja pal\u00ebt biseduan p\u00ebr bashk\u00ebpunimin me Franc\u00ebn n\u00eb kuad\u00ebr t\u00eb Loj\u00ebrave Mesdhetare 2030, q\u00eb do t\u00eb mbahen n\u00eb Kosov\u00eb, si nj\u00eb mund\u00ebsi p\u00ebr thellimin e lidhjeve ekonomike dhe kulturore nd\u00ebrmjet dy vendeve, si dhe p\u00ebr rritjen e bashk\u00ebpunimit ekonomik, ve\u00e7an\u00ebrisht n\u00eb fush\u00ebn e investimeve dhe tregtis\u00eb\u201d, thuhet n\u00eb njoftim.<\/p>\n<p>Tutje, shkruan:<\/p>\n<p>\u201cKryeministri Kurti po ashtu shprehu synimin p\u00ebr t\u00eb fuqizuar bashk\u00ebpunimin n\u00eb fush\u00ebn e siguris\u00eb dhe mbrojtjes, p\u00ebrgjat\u00eb transformimit avancues t\u00eb Forc\u00ebs s\u00eb Siguris\u00eb s\u00eb Kosov\u00ebs n\u00eb p\u00ebrputhje me standardet euroatlantike\u201d.<\/p>\n","protected":false},"excerpt":{"rendered":"<p>Kryeministri Albin Kurti ka zhvilluar nj\u00eb takim virtual me ministrin francez p\u00ebr Evrop\u00ebn, Benjamin Haddad. N\u00eb nj\u00eb komunikat\u00eb p\u00ebr media nga zyra e tij, thuhet se pal\u00ebt kan\u00eb biseduar p\u00ebr bashk\u00ebpunimin n\u00eb kuad\u00ebr t\u00eb Loj\u00ebrave Mesdhetare 2030. \u201cKryeministri Kurti tha se Kosova mbetet e p\u00ebrkushtuar n\u00eb rrug\u00ebn e saj t\u00eb integrimit evropian, si dhe pret [&hellip;]<\/p>\n","protected":false},"author":1,"featured_media":232874,"comment_status":"closed","ping_status":"closed","sticky":false,"template":"","format":"standard","meta":{"footnotes":""},"categories":[5],"tags":[],"class_list":{"0":"post-232872","1":"post","2":"type-post","3":"status-publish","4":"format-standard","5":"has-post-thumbnail","7":"category-lajme"},"_links":{"self":[{"href":"https:\/\/radiostargjilan.com\/web\/wp-json\/wp\/v2\/posts\/232872","targetHints":{"allow":["GET"]}}],"collection":[{"href":"https:\/\/radiostargjilan.com\/web\/wp-json\/wp\/v2\/posts"}],"about":[{"href":"https:\/\/radiostargjilan.com\/web\/wp-json\/wp\/v2\/types\/post"}],"author":[{"embeddable":true,"href":"https:\/\/radiostargjilan.com\/web\/wp-json\/wp\/v2\/users\/1"}],"replies":[{"embeddable":true,"href":"https:\/\/radiostargjilan.com\/web\/wp-json\/wp\/v2\/comments?post=232872"}],"version-history":[{"count":1,"href":"https:\/\/radiostargjilan.com\/web\/wp-json\/wp\/v2\/posts\/232872\/revisions"}],"predecessor-version":[{"id":232875,"href":"https:\/\/radiostargjilan.com\/web\/wp-json\/wp\/v2\/posts\/232872\/revisions\/232875"}],"wp:featuredmedia":[{"embeddable":true,"href":"https:\/\/radiostargjilan.com\/web\/wp-json\/wp\/v2\/media\/232874"}],"wp:attachment":[{"href":"https:\/\/radiostargjilan.com\/web\/wp-json\/wp\/v2\/media?parent=232872"}],"wp:term":[{"taxonomy":"category","embeddable":true,"href":"https:\/\/radiostargjilan.com\/web\/wp-json\/wp\/v2\/categories?post=232872"},{"taxonomy":"post_tag","embeddable":true,"href":"https:\/\/radiostargjilan.com\/web\/wp-json\/wp\/v2\/tags?post=232872"}],"curies":[{"name":"wp","href":"https:\/\/api.w.org\/{rel}","templated":true}]}}