{"id":232881,"date":"2026-04-30T07:31:27","date_gmt":"2026-04-30T05:31:27","guid":{"rendered":"https:\/\/radiostargjilan.com\/web\/?p=232881"},"modified":"2026-04-30T07:31:27","modified_gmt":"2026-04-30T05:31:27","slug":"haxhiu-takon-sot-partite-politike","status":"publish","type":"post","link":"https:\/\/radiostargjilan.com\/web\/haxhiu-takon-sot-partite-politike\/","title":{"rendered":"Haxhiu takon sot partit\u00eb politike"},"content":{"rendered":"<p>Ushtruesja e detyr\u00ebs s\u00eb presidentes, Albulena Haxhiu ka ftuar partit\u00eb politike n\u00eb konsultime p\u00ebr dat\u00ebn e zgjedhjeve.<\/p>\n<p>Takimi do t\u00eb mbahet sot n\u00eb ora 15:00, njofton Klankosova.tv.<\/p>\n<p>Ajo dit\u00ebn e djeshme e ka takuar kryetarin e Komisionit Qendror t\u00eb Zgjedhjeve, Kreshnik Radoniqin, me t\u00eb cilin kan\u00eb diskutuar p\u00ebr procesin zgjedhor, q\u00eb duhet t\u00eb mbahet brenda 45 dit\u00ebsh.<\/p>\n<p>Derisa p\u00ebrfaq\u00ebsuesit e partive politike e kan\u00eb konfirmuar pjes\u00ebmarrjen n\u00eb k\u00ebt\u00eb takim.<br \/>\nKjo situat\u00eb erdhi pasi Kuvendi i Kosov\u00ebs d\u00ebshtoi ta zgjedh\u00eb presidentin brenda afatit t\u00eb caktuar nga Gjykata Kushtetuese, e q\u00eb dita e fundit 28 prilli.<\/p>\n<p>Sipas vendimit t\u00eb Kushtetueses zgjedhjet e parakohshme duhet t\u00eb mbahen jo m\u00eb larg se 45 dit\u00eb nga shp\u00ebrb\u00ebrja e Parlamentit. \/Klankosova.tv<\/p>\n","protected":false},"excerpt":{"rendered":"<p>Ushtruesja e detyr\u00ebs s\u00eb presidentes, Albulena Haxhiu ka ftuar partit\u00eb politike n\u00eb konsultime p\u00ebr dat\u00ebn e zgjedhjeve. Takimi do t\u00eb mbahet sot n\u00eb ora 15:00, njofton Klankosova.tv. Ajo dit\u00ebn e djeshme e ka takuar kryetarin e Komisionit Qendror t\u00eb Zgjedhjeve, Kreshnik Radoniqin, me t\u00eb cilin kan\u00eb diskutuar p\u00ebr procesin zgjedhor, q\u00eb duhet t\u00eb mbahet brenda [&hellip;]<\/p>\n","protected":false},"author":1,"featured_media":232882,"comment_status":"closed","ping_status":"closed","sticky":false,"template":"","format":"standard","meta":{"footnotes":""},"categories":[5],"tags":[],"class_list":{"0":"post-232881","1":"post","2":"type-post","3":"status-publish","4":"format-standard","5":"has-post-thumbnail","7":"category-lajme"},"_links":{"self":[{"href":"https:\/\/radiostargjilan.com\/web\/wp-json\/wp\/v2\/posts\/232881","targetHints":{"allow":["GET"]}}],"collection":[{"href":"https:\/\/radiostargjilan.com\/web\/wp-json\/wp\/v2\/posts"}],"about":[{"href":"https:\/\/radiostargjilan.com\/web\/wp-json\/wp\/v2\/types\/post"}],"author":[{"embeddable":true,"href":"https:\/\/radiostargjilan.com\/web\/wp-json\/wp\/v2\/users\/1"}],"replies":[{"embeddable":true,"href":"https:\/\/radiostargjilan.com\/web\/wp-json\/wp\/v2\/comments?post=232881"}],"version-history":[{"count":1,"href":"https:\/\/radiostargjilan.com\/web\/wp-json\/wp\/v2\/posts\/232881\/revisions"}],"predecessor-version":[{"id":232883,"href":"https:\/\/radiostargjilan.com\/web\/wp-json\/wp\/v2\/posts\/232881\/revisions\/232883"}],"wp:featuredmedia":[{"embeddable":true,"href":"https:\/\/radiostargjilan.com\/web\/wp-json\/wp\/v2\/media\/232882"}],"wp:attachment":[{"href":"https:\/\/radiostargjilan.com\/web\/wp-json\/wp\/v2\/media?parent=232881"}],"wp:term":[{"taxonomy":"category","embeddable":true,"href":"https:\/\/radiostargjilan.com\/web\/wp-json\/wp\/v2\/categories?post=232881"},{"taxonomy":"post_tag","embeddable":true,"href":"https:\/\/radiostargjilan.com\/web\/wp-json\/wp\/v2\/tags?post=232881"}],"curies":[{"name":"wp","href":"https:\/\/api.w.org\/{rel}","templated":true}]}}