{"id":232891,"date":"2026-04-30T09:10:04","date_gmt":"2026-04-30T07:10:04","guid":{"rendered":"https:\/\/radiostargjilan.com\/web\/?p=232891"},"modified":"2026-04-30T09:10:04","modified_gmt":"2026-04-30T07:10:04","slug":"reporteret-pa-kufij-kosova-shenon-perparim-ne-lirine-e-medias","status":"publish","type":"post","link":"https:\/\/radiostargjilan.com\/web\/reporteret-pa-kufij-kosova-shenon-perparim-ne-lirine-e-medias\/","title":{"rendered":"Reporter\u00ebt pa Kufij: Kosova sh\u00ebnon p\u00ebrparim n\u00eb lirin\u00eb e medias"},"content":{"rendered":"<p>(Radio Evropa e Lir\u00eb) \u2013 Kosova ka sh\u00ebnuar p\u00ebrparim n\u00eb lirin\u00eb e medias, sipas Indeksit Bot\u00ebror t\u00eb Liris\u00eb s\u00eb Shtypit t\u00eb Reporter\u00ebve pa Kufij, duke u renditur n\u00eb vendin e 84-t\u00eb, apo 15 vende m\u00eb mir\u00eb sesa vitin paraprak.<\/p>\n<p>\u201cMe p\u00ebrjashtim t\u00eb Kosov\u00ebs, q\u00eb sh\u00ebnoi p\u00ebrparim pavar\u00ebsisht se mbetet nj\u00eb nga shtetet me renditjen m\u00eb t\u00eb ul\u00ebt n\u00eb Evrop\u00eb, liria e shtypit n\u00eb Ballkanin Per\u00ebndimor n\u00eb p\u00ebrgjith\u00ebsi po p\u00ebrkeq\u00ebsohet\u201d, than\u00eb Reporter\u00ebt pa Kufij.<\/p>\n<p>Vitin e kaluar, Kosova sh\u00ebnoi regresin m\u00eb t\u00eb madh n\u00eb indeksin e liris\u00eb s\u00eb mediave t\u00eb organizat\u00ebs Reporter\u00ebt pa Kufij duke u radhitur n\u00eb vendin e 99-t\u00eb n\u00eb bot\u00eb nga 180 shtete \u2013 r\u00ebnia m\u00eb e madhe n\u00eb 15 vjet n\u00eb indeksin vjetor t\u00eb liris\u00eb s\u00eb shtypit t\u00eb organizat\u00ebs Reporter\u00ebt pa Kufij.<\/p>\n<p>\u00c7far\u00eb thuhet p\u00ebr lirin\u00eb e medias n\u00eb Kosov\u00eb?<\/p>\n<p>\u201cRregullatori joefektiv i mediave, Komisioni i Pavarur p\u00ebr Media [KPM], ishte subjekt i nj\u00eb reforme legjislative, e cila u shpall jokushtetuese nga Gjykata Kushtetuese\u201d, u tha n\u00eb pjes\u00ebn p\u00ebr Kosov\u00ebn t\u00eb raportit t\u00eb Reporter\u00ebve pa Kufij.<\/p>\n<p>N\u00eb prill t\u00eb vitit 2025, Gjykata Kushtetuese e Kosov\u00ebs shfuqizoi Ligjin p\u00ebr KPM-n\u00eb, duke argumentuar se disa nene nuk ishin n\u00eb p\u00ebrputhje me Kushtetut\u00ebn.<\/p>\n<p>Pjes\u00ebt q\u00eb u gjet\u00ebn q\u00eb nuk ishin n\u00eb p\u00ebrputhje kishin t\u00eb b\u00ebnin me zgjedhjen e an\u00ebtar\u00ebve t\u00eb KPM-s\u00eb, shkarkimin e kryetarit dhe an\u00ebtar\u00ebve t\u00eb komisionit, kompetencat e KPM-s\u00eb, rregullimin e pron\u00ebsis\u00eb dhe disa pika q\u00eb kishin t\u00eb b\u00ebnin me sanksionet dhe gjobat.<\/p>\n<p>Reporter\u00ebt pa Kufij v\u00ebn\u00eb n\u00eb pah se sistemi gjyq\u00ebsor i Kosov\u00ebs ka nisur t\u00eb trajtoj\u00eb \u201csi prioritet\u201d rastet q\u00eb kan\u00eb t\u00eb b\u00ebjn\u00eb me gazetar\u00ebt.<\/p>\n<p>\u201cPor, gjithnj\u00eb e m\u00eb shum\u00eb gazetar\u00eb kan\u00eb qen\u00eb subjekt i padive SLAPP [padi strategjike kund\u00ebr pjes\u00ebmarrjes publike] t\u00eb iniciuara nga grupe biznesi dhe politikan\u00eb\u201d, tha raporti, ku u shtua se qasja n\u00eb informacione publike \u00ebsht\u00eb penguar nga zbatimi i dob\u00ebt i ligjit.<\/p>\n<p>Sipas raportit p\u00ebr vitin 2026 t\u00eb Reporter\u00ebve pa Kufij, edhe pse mediat arrit\u00ebn t\u00eb mbanin p\u00ebrgjegj\u00ebs politikan\u00ebt, gazetar\u00ebt \u201cvazhdojn\u00eb t\u00eb jen\u00eb subjekt i sulmeve politike\u201d.<\/p>\n<p>Aty thuhet se ndon\u00ebse gazetar\u00ebt g\u00ebzojn\u00eb besim nga shoq\u00ebria, mediat e pavarura dhe gazetar\u00ebt hulumtues \u201cshpesh jan\u00eb cak i fyerjeve dhe lajmeve t\u00eb rreme n\u00eb rrjetet sociale\u201d.<\/p>\n<p>\u201cAta pa t\u00eb drejt\u00eb akuzohen p\u00ebr \u2018bashk\u00ebpunim me armikun\u2019, retorik\u00eb e p\u00ebrdorur nga grupe politike dhe fetare\u201d.<\/p>\n<p>\u201cN\u00eb vitet e fundit, shum\u00eb gazetar\u00eb kan\u00eb qen\u00eb subjekt i k\u00ebrc\u00ebnimeve dhe sulmeve fizike nga rrjete kriminale, por po ashtu edhe p\u00ebr shkak t\u00eb tensioneve mes Prishtin\u00ebs dhe Beogradit. Disa gazetar\u00eb po ashtu kan\u00eb qen\u00eb cak i v\u00ebzhgimit. Disa sulme t\u00eb ndodhura s\u00eb voni ndaj gazetar\u00ebve kan\u00eb rezultuar me d\u00ebnime\u201d.<\/p>\n<p>Raporti p\u00ebrmend po ashtu bojkotin nga Qeveria e udh\u00ebhequr nga Albin Kurti para zgjedhjeve t\u00eb shkurtit t\u00eb vitit 2025, kur \u201cdisa media private ishin n\u00eb cak t\u00eb bojkotit t\u00eb Qeveris\u00eb, q\u00eb po ashtu k\u00ebrc\u00ebnoi pavar\u00ebsin\u00eb e transmetuesit publik, RTK\u201d.<\/p>\n<p>\u201cMediat n\u00eb gjuh\u00ebn serbe, q\u00eb jan\u00eb n\u00ebn presion nga forcat politike serbe, jan\u00eb ankuar p\u00ebr diskriminim n\u00eb qasje n\u00eb informacion publik, ve\u00e7mas n\u00eb gjuh\u00ebn e tyre, gj\u00eb q\u00eb \u00ebsht\u00eb e drejt\u00eb kushtetuese p\u00ebr minoritetet\u201d, tha organizata.<\/p>\n<p>Nd\u00ebrkaq, n\u00eb pjes\u00ebn e financimit t\u00eb mediave thuhet se mediat n\u00eb Kosov\u00eb kryesisht financohen nga t\u00eb ardhurat e reklamave nga sektori privat dhe po ashtu ndonj\u00ebher\u00eb mb\u00ebshteten nga autoritetet lokale apo partit\u00eb politike.<\/p>\n<p>\u201cP\u00ebrve\u00e7 k\u00ebsaj, p\u00ebrmes pronar\u00ebve t\u00eb tyre, redaksit\u00eb e mediave private jan\u00eb t\u00eb ekspozuar nga nd\u00ebrhyrja nga grupe t\u00eb fuqishme politike apo biznesore. Mediat n\u00eb gjuh\u00ebn serbe p\u00ebrballen me nj\u00eb sfid\u00eb shtes\u00eb, at\u00eb t\u00eb tregut t\u00eb vog\u00ebl n\u00eb t\u00eb cilin organizatat mediale varen nga financimi nga Serbia fqinje, nd\u00ebrkaq mediat e pavarura nuk do t\u00eb mund t\u00eb mbijetonin pa financim nd\u00ebrkomb\u00ebtar\u201d.<\/p>\n","protected":false},"excerpt":{"rendered":"<p>(Radio Evropa e Lir\u00eb) \u2013 Kosova ka sh\u00ebnuar p\u00ebrparim n\u00eb lirin\u00eb e medias, sipas Indeksit Bot\u00ebror t\u00eb Liris\u00eb s\u00eb Shtypit t\u00eb Reporter\u00ebve pa Kufij, duke u renditur n\u00eb vendin e 84-t\u00eb, apo 15 vende m\u00eb mir\u00eb sesa vitin paraprak. \u201cMe p\u00ebrjashtim t\u00eb Kosov\u00ebs, q\u00eb sh\u00ebnoi p\u00ebrparim pavar\u00ebsisht se mbetet nj\u00eb nga shtetet me renditjen m\u00eb [&hellip;]<\/p>\n","protected":false},"author":1,"featured_media":232892,"comment_status":"closed","ping_status":"closed","sticky":false,"template":"","format":"standard","meta":{"footnotes":""},"categories":[5],"tags":[],"class_list":{"0":"post-232891","1":"post","2":"type-post","3":"status-publish","4":"format-standard","5":"has-post-thumbnail","7":"category-lajme"},"_links":{"self":[{"href":"https:\/\/radiostargjilan.com\/web\/wp-json\/wp\/v2\/posts\/232891","targetHints":{"allow":["GET"]}}],"collection":[{"href":"https:\/\/radiostargjilan.com\/web\/wp-json\/wp\/v2\/posts"}],"about":[{"href":"https:\/\/radiostargjilan.com\/web\/wp-json\/wp\/v2\/types\/post"}],"author":[{"embeddable":true,"href":"https:\/\/radiostargjilan.com\/web\/wp-json\/wp\/v2\/users\/1"}],"replies":[{"embeddable":true,"href":"https:\/\/radiostargjilan.com\/web\/wp-json\/wp\/v2\/comments?post=232891"}],"version-history":[{"count":1,"href":"https:\/\/radiostargjilan.com\/web\/wp-json\/wp\/v2\/posts\/232891\/revisions"}],"predecessor-version":[{"id":232893,"href":"https:\/\/radiostargjilan.com\/web\/wp-json\/wp\/v2\/posts\/232891\/revisions\/232893"}],"wp:featuredmedia":[{"embeddable":true,"href":"https:\/\/radiostargjilan.com\/web\/wp-json\/wp\/v2\/media\/232892"}],"wp:attachment":[{"href":"https:\/\/radiostargjilan.com\/web\/wp-json\/wp\/v2\/media?parent=232891"}],"wp:term":[{"taxonomy":"category","embeddable":true,"href":"https:\/\/radiostargjilan.com\/web\/wp-json\/wp\/v2\/categories?post=232891"},{"taxonomy":"post_tag","embeddable":true,"href":"https:\/\/radiostargjilan.com\/web\/wp-json\/wp\/v2\/tags?post=232891"}],"curies":[{"name":"wp","href":"https:\/\/api.w.org\/{rel}","templated":true}]}}