{"id":232907,"date":"2026-04-30T14:28:49","date_gmt":"2026-04-30T12:28:49","guid":{"rendered":"https:\/\/radiostargjilan.com\/web\/?p=232907"},"modified":"2026-04-30T14:28:49","modified_gmt":"2026-04-30T12:28:49","slug":"be-keqardhje-qe-partite-ne-kosove-sgjeten-nje-figure-unifikuese-per-president","status":"publish","type":"post","link":"https:\/\/radiostargjilan.com\/web\/be-keqardhje-qe-partite-ne-kosove-sgjeten-nje-figure-unifikuese-per-president\/","title":{"rendered":"BE: Keqardhje q\u00eb partit\u00eb n\u00eb Kosov\u00eb s\u2019gjet\u00ebn nj\u00eb figur\u00eb unifikuese p\u00ebr president"},"content":{"rendered":"<p>Bashkimi Evropian shprehu keqardhje q\u00eb partit\u00eb politike n\u00eb Kosov\u00eb nuk identifikuan nj\u00eb figur\u00eb unifikuese p\u00ebr kandidat p\u00ebr president t\u00eb vendit, duke b\u00ebr\u00eb q\u00eb shteti t\u00eb organizoj\u00eb zgjedhjet e treta n\u00eb m\u00eb pak se nj\u00eb vit e gjysm\u00eb.<\/p>\n<p>Nj\u00eb z\u00ebdh\u00ebn\u00ebs i BE-s\u00eb ka deklaruar se blloku evropian vazhdimisht u ka b\u00ebr\u00eb thirrje t\u00eb gjith\u00eb aktor\u00ebve politik\u00eb q\u00eb t\u00eb sigurojn\u00eb stabilitet institucional.<\/p>\n<p>\u201c\u00cbsht\u00eb urgjente p\u00ebr Kosov\u00ebn q\u00eb t\u00eb forcoj\u00eb dialogun nd\u00ebrpartiak p\u00ebr t\u00eb siguruar funksionimin efikas t\u00eb institucioneve dhe p\u00ebr t\u00eb mos humbur mund\u00ebsi q\u00eb u sjellin p\u00ebrfitime qytetar\u00ebve, p\u00ebrfshir\u00eb ato nga Plani i Rritjes\u201d, tha z\u00ebdh\u00ebn\u00ebsi p\u00ebr Rel.<\/p>\n<p>Deputet\u00ebt e Kuvendit t\u00eb Kosov\u00ebs d\u00ebshtuan q\u00eb t\u00eb zgjedhin nj\u00eb president t\u00eb ri t\u00eb vendit brenda afatit kushtetues dhe, n\u00eb baz\u00eb t\u00eb aktgjykimit t\u00eb fundit t\u00eb Gjykat\u00ebs Kushtetuese, Kuvendi u shp\u00ebrnda m\u00eb 28 prill.<\/p>\n<p>Tani, ushtruesja e detyr\u00ebs s\u00eb presidentit, Albulena Haxhiu, pas takimitme partit\u00eb politike \u2013 q\u00eb do t\u00eb mbahet sot \u2013 do t\u00eb duhet t\u00eb shpall\u00eb dat\u00ebn e zgjedhjeve, q\u00eb duhet t\u00eb mbahen brenda 45 dit\u00ebsh.<\/p>\n<p>Jan\u00eb vet\u00ebm dy data kur mund t\u00eb mbahen zgjedhjet: 31 maj dhe 7 qershor.<\/p>\n<p>Nat\u00ebn e 27 prillit, L\u00ebvizja Vet\u00ebvendosje n\u00eb pushtet t\u00ebrhoqi dy kandidaturat partiake, p\u00ebrkat\u00ebsisht emrin e Glauk Konjufc\u00ebs dhe Fatmire Mulhaxha Koll\u00e7akut, dhe m\u00eb pak se nj\u00eb or\u00eb m\u00eb von\u00eb prezantoi dy kandidate p\u00ebr presidente, q\u00eb t\u00eb dyja aktiviste p\u00ebr t\u00eb drejtat e njeriut: Feride Rushiti dhe Hatixhe Hoxha.<\/p>\n<p>Por, partit\u00eb opozitare nuk mor\u00ebn pjes\u00eb n\u00eb seanc\u00ebn plenare q\u00eb nisi mbr\u00ebmjen e 27 prillit dhe p\u00ebrfundoi mesnat\u00ebn e 28 prillit \u2013 kur ishte edhe afati i fundit p\u00ebr zgjedhjen e presidentit.<\/p>\n<p>Kryeministri Albin Kurti, nj\u00ebher\u00ebsh kryetar i L\u00ebvizjes Vet\u00ebvendosje (LVV), ka th\u00ebn\u00eb se ka b\u00ebr\u00eb p\u00ebrpjekje p\u00ebr marr\u00ebveshje me partit\u00eb opozitare, por pa rezultat.<\/p>\n<p>Partia Demokratike e Kosov\u00ebs (PDK) ka k\u00ebrkuar t\u00eb propozoj\u00eb vet\u00eb kandidatin p\u00ebr president, nd\u00ebrsa \u00ebsht\u00eb kritikuar nga LVV-ja p\u00ebr munges\u00eb transparence.<\/p>\n<p>Lidhja Demokratike e Kosov\u00ebs (LDK), n\u00eb an\u00ebn tjet\u00ebr, ka kund\u00ebrshtuar iden\u00eb q\u00eb nj\u00eb parti \u2013 n\u00eb k\u00ebt\u00eb rast LVV \u2013 t\u2019i kontrolloj\u00eb tri institucionet kryesore t\u00eb shtetit: Qeverin\u00eb, Kuvendin dhe Presidenc\u00ebn.<\/p>\n<p>Kurti ka th\u00ebn\u00eb se i ka ofruar LDK-s\u00eb pjes\u00ebmarrje n\u00eb Qeveri ose postin e kryeparlamentarit, por oferta \u00ebsht\u00eb refuzuar. Nj\u00eb ofert\u00eb e ngjashme iu b\u00eb edhe PDK-s\u00eb, por lideri i saj, Bedri Hamza, e cil\u00ebsoi si joserioze, duke th\u00ebn\u00eb se nuk kishte pasur ftes\u00eb zyrtare p\u00ebr takim.<\/p>\n<p>M\u00eb pas, Kurti u ka k\u00ebrkuar PDK-s\u00eb dhe LDK-s\u00eb t\u00eb propozojn\u00eb tre emra jopartiak\u00eb p\u00ebr president, duke ofruar mb\u00ebshtetjen e LVV-s\u00eb, por opozita e ka refuzuar edhe k\u00ebt\u00eb ide, duke e cil\u00ebsuar si joserioze dhe t\u00eb papranueshme.<\/p>\n<p>Afati i 28 prillit erdhi pasi m\u00eb 5 mars, LVV-ja nisi seanc\u00ebn p\u00ebr votimin e Konjufc\u00ebs dhe Koll\u00e7akut, por e nd\u00ebrpreu at\u00eb p\u00ebr shkak t\u00eb munges\u00ebs s\u00eb kuorumit.<\/p>\n<p>Nj\u00eb dit\u00eb m\u00eb pas, ish-presidentja Vjosa Osmani shpalli nj\u00eb dekret p\u00ebr zgjedhjet e reja. Por, vendimi u d\u00ebrgua n\u00eb Kushtetuese nga Qeveria e Kosov\u00ebs. Gjykata m\u00eb e lart\u00eb n\u00eb vend tha se deputet\u00ebt kishin afat 34 dit\u00eb q\u00eb t\u00eb zgjidhnin nj\u00eb pasues t\u00eb Osmanit.<\/p>\n<p>Osmani e p\u00ebrfundoi mandatin pes\u00ebvje\u00e7ar m\u00eb 4 prill dhe kryeparlamentarja Albulena Haxhiu, sipas Kushtetut\u00ebs, mori postin e ushtrueses s\u00eb detyr\u00ebs s\u00eb presidentit.<\/p>\n<p>Sipas Kushtetut\u00ebs, presidenti i Kosov\u00ebs zgjidhet me dy t\u00eb tretat e votave n\u00eb dy rundet e para apo me 61 vota n\u00eb rundin e tret\u00eb, por nevojiten 80 deputet\u00eb n\u00eb sall\u00eb q\u00eb seanca t\u00eb mund t\u00eb mbahet.\/REL<\/p>\n","protected":false},"excerpt":{"rendered":"<p>Bashkimi Evropian shprehu keqardhje q\u00eb partit\u00eb politike n\u00eb Kosov\u00eb nuk identifikuan nj\u00eb figur\u00eb unifikuese p\u00ebr kandidat p\u00ebr president t\u00eb vendit, duke b\u00ebr\u00eb q\u00eb shteti t\u00eb organizoj\u00eb zgjedhjet e treta n\u00eb m\u00eb pak se nj\u00eb vit e gjysm\u00eb. Nj\u00eb z\u00ebdh\u00ebn\u00ebs i BE-s\u00eb ka deklaruar se blloku evropian vazhdimisht u ka b\u00ebr\u00eb thirrje t\u00eb gjith\u00eb aktor\u00ebve politik\u00eb [&hellip;]<\/p>\n","protected":false},"author":1,"featured_media":232908,"comment_status":"closed","ping_status":"closed","sticky":false,"template":"","format":"standard","meta":{"footnotes":""},"categories":[5],"tags":[],"class_list":{"0":"post-232907","1":"post","2":"type-post","3":"status-publish","4":"format-standard","5":"has-post-thumbnail","7":"category-lajme"},"_links":{"self":[{"href":"https:\/\/radiostargjilan.com\/web\/wp-json\/wp\/v2\/posts\/232907","targetHints":{"allow":["GET"]}}],"collection":[{"href":"https:\/\/radiostargjilan.com\/web\/wp-json\/wp\/v2\/posts"}],"about":[{"href":"https:\/\/radiostargjilan.com\/web\/wp-json\/wp\/v2\/types\/post"}],"author":[{"embeddable":true,"href":"https:\/\/radiostargjilan.com\/web\/wp-json\/wp\/v2\/users\/1"}],"replies":[{"embeddable":true,"href":"https:\/\/radiostargjilan.com\/web\/wp-json\/wp\/v2\/comments?post=232907"}],"version-history":[{"count":1,"href":"https:\/\/radiostargjilan.com\/web\/wp-json\/wp\/v2\/posts\/232907\/revisions"}],"predecessor-version":[{"id":232909,"href":"https:\/\/radiostargjilan.com\/web\/wp-json\/wp\/v2\/posts\/232907\/revisions\/232909"}],"wp:featuredmedia":[{"embeddable":true,"href":"https:\/\/radiostargjilan.com\/web\/wp-json\/wp\/v2\/media\/232908"}],"wp:attachment":[{"href":"https:\/\/radiostargjilan.com\/web\/wp-json\/wp\/v2\/media?parent=232907"}],"wp:term":[{"taxonomy":"category","embeddable":true,"href":"https:\/\/radiostargjilan.com\/web\/wp-json\/wp\/v2\/categories?post=232907"},{"taxonomy":"post_tag","embeddable":true,"href":"https:\/\/radiostargjilan.com\/web\/wp-json\/wp\/v2\/tags?post=232907"}],"curies":[{"name":"wp","href":"https:\/\/api.w.org\/{rel}","templated":true}]}}