{"id":232910,"date":"2026-04-30T15:06:50","date_gmt":"2026-04-30T13:06:50","guid":{"rendered":"https:\/\/radiostargjilan.com\/web\/?p=232910"},"modified":"2026-04-30T15:06:50","modified_gmt":"2026-04-30T13:06:50","slug":"per-1-maj-ne-kosove-do-te-protestohet","status":"publish","type":"post","link":"https:\/\/radiostargjilan.com\/web\/per-1-maj-ne-kosove-do-te-protestohet\/","title":{"rendered":"P\u00ebr 1 maj n\u00eb Kosov\u00eb do t\u00eb protestohet"},"content":{"rendered":"<p>Federata Sindikale e Pun\u00ebtor\u00ebve t\u00eb Sektorit Privat ka njoftuar se m\u00eb 1 maj, n\u00eb sh\u00ebnim t\u00eb Dit\u00ebs Nd\u00ebrkomb\u00ebtare t\u00eb Pun\u00ebtor\u00ebve, do t\u00eb organizoj\u00eb nj\u00eb protest\u00eb paq\u00ebsore.<\/p>\n<p>Sipas njoftimit, protesta do t\u00eb filloj\u00eb n\u00eb ora 10:00, me vendgrumbullim n\u00eb Sheshin \u201cZahir Pajaziti\u201d n\u00eb Prishtin\u00eb.<\/p>\n<p>M\u00eb pas, pjes\u00ebmarr\u00ebsit do t\u00eb vazhdojn\u00eb sipas itinerarit t\u00eb planifikuar deri n\u00eb hap\u00ebsir\u00ebn nd\u00ebrmjet objektit t\u00eb ish-G\u00ebrmis\u00eb dhe nd\u00ebrtes\u00ebs s\u00eb Qeveris\u00eb.<\/p>\n<p>\u201cProtesta do t\u00eb filloj\u00eb n\u00eb ora 10:00, me vendgrumbullim n\u00eb Sheshin \u201cZahir Pajaziti\u201d n\u00eb Prishtin\u00eb, dhe do t\u00eb vazhdoj\u00eb sipas itinerarit t\u00eb planifikuar deri n\u00eb hap\u00ebsir\u00ebn nd\u00ebrmjet objektit t\u00eb ish-G\u00ebrmis\u00eb dhe nd\u00ebrtes\u00ebs s\u00eb Qeveris\u00eb\u201d, thuhet n\u00eb njoftim.<\/p>\n","protected":false},"excerpt":{"rendered":"<p>Federata Sindikale e Pun\u00ebtor\u00ebve t\u00eb Sektorit Privat ka njoftuar se m\u00eb 1 maj, n\u00eb sh\u00ebnim t\u00eb Dit\u00ebs Nd\u00ebrkomb\u00ebtare t\u00eb Pun\u00ebtor\u00ebve, do t\u00eb organizoj\u00eb nj\u00eb protest\u00eb paq\u00ebsore. Sipas njoftimit, protesta do t\u00eb filloj\u00eb n\u00eb ora 10:00, me vendgrumbullim n\u00eb Sheshin \u201cZahir Pajaziti\u201d n\u00eb Prishtin\u00eb. M\u00eb pas, pjes\u00ebmarr\u00ebsit do t\u00eb vazhdojn\u00eb sipas itinerarit t\u00eb planifikuar deri n\u00eb [&hellip;]<\/p>\n","protected":false},"author":1,"featured_media":232911,"comment_status":"closed","ping_status":"closed","sticky":false,"template":"","format":"standard","meta":{"footnotes":""},"categories":[5],"tags":[],"class_list":{"0":"post-232910","1":"post","2":"type-post","3":"status-publish","4":"format-standard","5":"has-post-thumbnail","7":"category-lajme"},"_links":{"self":[{"href":"https:\/\/radiostargjilan.com\/web\/wp-json\/wp\/v2\/posts\/232910","targetHints":{"allow":["GET"]}}],"collection":[{"href":"https:\/\/radiostargjilan.com\/web\/wp-json\/wp\/v2\/posts"}],"about":[{"href":"https:\/\/radiostargjilan.com\/web\/wp-json\/wp\/v2\/types\/post"}],"author":[{"embeddable":true,"href":"https:\/\/radiostargjilan.com\/web\/wp-json\/wp\/v2\/users\/1"}],"replies":[{"embeddable":true,"href":"https:\/\/radiostargjilan.com\/web\/wp-json\/wp\/v2\/comments?post=232910"}],"version-history":[{"count":1,"href":"https:\/\/radiostargjilan.com\/web\/wp-json\/wp\/v2\/posts\/232910\/revisions"}],"predecessor-version":[{"id":232912,"href":"https:\/\/radiostargjilan.com\/web\/wp-json\/wp\/v2\/posts\/232910\/revisions\/232912"}],"wp:featuredmedia":[{"embeddable":true,"href":"https:\/\/radiostargjilan.com\/web\/wp-json\/wp\/v2\/media\/232911"}],"wp:attachment":[{"href":"https:\/\/radiostargjilan.com\/web\/wp-json\/wp\/v2\/media?parent=232910"}],"wp:term":[{"taxonomy":"category","embeddable":true,"href":"https:\/\/radiostargjilan.com\/web\/wp-json\/wp\/v2\/categories?post=232910"},{"taxonomy":"post_tag","embeddable":true,"href":"https:\/\/radiostargjilan.com\/web\/wp-json\/wp\/v2\/tags?post=232910"}],"curies":[{"name":"wp","href":"https:\/\/api.w.org\/{rel}","templated":true}]}}