{"id":232913,"date":"2026-04-30T15:34:43","date_gmt":"2026-04-30T13:34:43","guid":{"rendered":"https:\/\/radiostargjilan.com\/web\/?p=232913"},"modified":"2026-04-30T15:34:43","modified_gmt":"2026-04-30T13:34:43","slug":"hamza-per-daten-e-zgjedhjeve-skemi-preference-te-jete-brenda-afateve-kushtetuese","status":"publish","type":"post","link":"https:\/\/radiostargjilan.com\/web\/hamza-per-daten-e-zgjedhjeve-skemi-preference-te-jete-brenda-afateve-kushtetuese\/","title":{"rendered":"Hamza p\u00ebr dat\u00ebn e zgjedhjeve: S\u2019kemi preferenc\u00eb, t\u00eb jet\u00eb brenda afateve kushtetuese"},"content":{"rendered":"<p>Kryetari i Partis\u00eb Demokratike t\u00eb Kosov\u00ebs, Bedri Hamza ka th\u00ebn\u00eb se nuk kan\u00eb ndonj\u00eb preferenc\u00eb p\u00ebr dat\u00ebn e zgjedhjeve, raporton Ekonomia Online.<\/p>\n<p>Hamza, k\u00ebto komente i b\u00ebri para takimit me ushtruesen e detyr\u00ebs s\u00eb presidentes, Albulena Haxhiu, ku do t\u00eb diskutohet p\u00ebr caktimin e dat\u00ebs s\u00eb zgjedhjeve.<\/p>\n<p>Ai, deklaroi se do ta respektojn\u00eb cil\u00ebn do dat\u00eb, por e cila do t\u00eb jet\u00eb brenda afateve kushtetuese<\/p>\n<p>\u201cCil\u00ebndo brenda vendimit t\u00eb Gjykat\u00ebs Kushtetuese\u201d, tha ai.<\/p>\n","protected":false},"excerpt":{"rendered":"<p>Kryetari i Partis\u00eb Demokratike t\u00eb Kosov\u00ebs, Bedri Hamza ka th\u00ebn\u00eb se nuk kan\u00eb ndonj\u00eb preferenc\u00eb p\u00ebr dat\u00ebn e zgjedhjeve, raporton Ekonomia Online. Hamza, k\u00ebto komente i b\u00ebri para takimit me ushtruesen e detyr\u00ebs s\u00eb presidentes, Albulena Haxhiu, ku do t\u00eb diskutohet p\u00ebr caktimin e dat\u00ebs s\u00eb zgjedhjeve. Ai, deklaroi se do ta respektojn\u00eb cil\u00ebn do [&hellip;]<\/p>\n","protected":false},"author":1,"featured_media":232914,"comment_status":"closed","ping_status":"closed","sticky":false,"template":"","format":"standard","meta":{"footnotes":""},"categories":[5],"tags":[],"class_list":{"0":"post-232913","1":"post","2":"type-post","3":"status-publish","4":"format-standard","5":"has-post-thumbnail","7":"category-lajme"},"_links":{"self":[{"href":"https:\/\/radiostargjilan.com\/web\/wp-json\/wp\/v2\/posts\/232913","targetHints":{"allow":["GET"]}}],"collection":[{"href":"https:\/\/radiostargjilan.com\/web\/wp-json\/wp\/v2\/posts"}],"about":[{"href":"https:\/\/radiostargjilan.com\/web\/wp-json\/wp\/v2\/types\/post"}],"author":[{"embeddable":true,"href":"https:\/\/radiostargjilan.com\/web\/wp-json\/wp\/v2\/users\/1"}],"replies":[{"embeddable":true,"href":"https:\/\/radiostargjilan.com\/web\/wp-json\/wp\/v2\/comments?post=232913"}],"version-history":[{"count":1,"href":"https:\/\/radiostargjilan.com\/web\/wp-json\/wp\/v2\/posts\/232913\/revisions"}],"predecessor-version":[{"id":232915,"href":"https:\/\/radiostargjilan.com\/web\/wp-json\/wp\/v2\/posts\/232913\/revisions\/232915"}],"wp:featuredmedia":[{"embeddable":true,"href":"https:\/\/radiostargjilan.com\/web\/wp-json\/wp\/v2\/media\/232914"}],"wp:attachment":[{"href":"https:\/\/radiostargjilan.com\/web\/wp-json\/wp\/v2\/media?parent=232913"}],"wp:term":[{"taxonomy":"category","embeddable":true,"href":"https:\/\/radiostargjilan.com\/web\/wp-json\/wp\/v2\/categories?post=232913"},{"taxonomy":"post_tag","embeddable":true,"href":"https:\/\/radiostargjilan.com\/web\/wp-json\/wp\/v2\/tags?post=232913"}],"curies":[{"name":"wp","href":"https:\/\/api.w.org\/{rel}","templated":true}]}}