{"id":232916,"date":"2026-04-30T15:39:07","date_gmt":"2026-04-30T13:39:07","guid":{"rendered":"https:\/\/radiostargjilan.com\/web\/?p=232916"},"modified":"2026-04-30T15:39:07","modified_gmt":"2026-04-30T13:39:07","slug":"caktimi-i-dates-se-zgjedhjeve-partite-i-shkojne-ne-takim-haxhiut","status":"publish","type":"post","link":"https:\/\/radiostargjilan.com\/web\/caktimi-i-dates-se-zgjedhjeve-partite-i-shkojne-ne-takim-haxhiut\/","title":{"rendered":"Caktimi i dat\u00ebs s\u00eb zgjedhjeve, partit\u00eb i shkojn\u00eb n\u00eb takim Haxhiut"},"content":{"rendered":"<p>Tashm\u00eb ka nisur takimi konsultativ i thirrur nga ushtruesja e detyr\u00ebs s\u00eb Presidentes, Albulena Haxhiu, p\u00ebr caktimin e dat\u00ebs s\u00eb zgjedhjeve t\u00eb reja parlamentare.<\/p>\n<p>N\u00eb takim nga VV-ja, \u00ebsht\u00eb duke marr pjes\u00eb Alim Ramaj, nga PDK-ja \u00ebsht\u00eb kryetari i k\u00ebsaj partie, Bedri Hamza, nga LDK-ja an\u00ebtarja e kryesis\u00eb Jehona Lushaku Sadriu, nga AAK-ja n\u00ebnkryetari i k\u00ebsaj partie Ardian Gjini, si dhe p\u00ebrfaq\u00ebsues t\u00eb partive t\u00eb pakicave.<\/p>\n<p>Ky takim vie pas koordinimit t\u00eb Presidenc\u00ebs me kryesuesin e Komisionit Qendror t\u00eb Zgjedhjeve, Kreshnik Radoniqi, ku jan\u00eb diskutuar afatet ligjore, p\u00ebrgatitjet administrative dhe nevoja p\u00ebr nj\u00eb proces zgjedhor pa vonesa dhe me standarde t\u00eb larta profesionale.<\/p>\n<p>Kuvendi u shp\u00ebrnda automatikisht n\u00eb or\u00ebt e para t\u00eb 29 prillit, me t\u00eb kaluar afati p\u00ebr zgjedhjen e Presidentit dhe tani, vendi shkon zyrtarisht n\u00eb zgjedhje t\u00eb reja, edhe nj\u00eb her\u00eb tjet\u00ebr.<\/p>\n<p>Zgjedhjet e reja, si\u00e7 e p\u00ebrcakton Kushtetuta, duhet t\u00eb mbahen brenda 45 dit\u00ebsh.<\/p>\n","protected":false},"excerpt":{"rendered":"<p>Tashm\u00eb ka nisur takimi konsultativ i thirrur nga ushtruesja e detyr\u00ebs s\u00eb Presidentes, Albulena Haxhiu, p\u00ebr caktimin e dat\u00ebs s\u00eb zgjedhjeve t\u00eb reja parlamentare. N\u00eb takim nga VV-ja, \u00ebsht\u00eb duke marr pjes\u00eb Alim Ramaj, nga PDK-ja \u00ebsht\u00eb kryetari i k\u00ebsaj partie, Bedri Hamza, nga LDK-ja an\u00ebtarja e kryesis\u00eb Jehona Lushaku Sadriu, nga AAK-ja n\u00ebnkryetari i [&hellip;]<\/p>\n","protected":false},"author":1,"featured_media":232917,"comment_status":"closed","ping_status":"closed","sticky":false,"template":"","format":"standard","meta":{"footnotes":""},"categories":[5],"tags":[],"class_list":{"0":"post-232916","1":"post","2":"type-post","3":"status-publish","4":"format-standard","5":"has-post-thumbnail","7":"category-lajme"},"_links":{"self":[{"href":"https:\/\/radiostargjilan.com\/web\/wp-json\/wp\/v2\/posts\/232916","targetHints":{"allow":["GET"]}}],"collection":[{"href":"https:\/\/radiostargjilan.com\/web\/wp-json\/wp\/v2\/posts"}],"about":[{"href":"https:\/\/radiostargjilan.com\/web\/wp-json\/wp\/v2\/types\/post"}],"author":[{"embeddable":true,"href":"https:\/\/radiostargjilan.com\/web\/wp-json\/wp\/v2\/users\/1"}],"replies":[{"embeddable":true,"href":"https:\/\/radiostargjilan.com\/web\/wp-json\/wp\/v2\/comments?post=232916"}],"version-history":[{"count":1,"href":"https:\/\/radiostargjilan.com\/web\/wp-json\/wp\/v2\/posts\/232916\/revisions"}],"predecessor-version":[{"id":232918,"href":"https:\/\/radiostargjilan.com\/web\/wp-json\/wp\/v2\/posts\/232916\/revisions\/232918"}],"wp:featuredmedia":[{"embeddable":true,"href":"https:\/\/radiostargjilan.com\/web\/wp-json\/wp\/v2\/media\/232917"}],"wp:attachment":[{"href":"https:\/\/radiostargjilan.com\/web\/wp-json\/wp\/v2\/media?parent=232916"}],"wp:term":[{"taxonomy":"category","embeddable":true,"href":"https:\/\/radiostargjilan.com\/web\/wp-json\/wp\/v2\/categories?post=232916"},{"taxonomy":"post_tag","embeddable":true,"href":"https:\/\/radiostargjilan.com\/web\/wp-json\/wp\/v2\/tags?post=232916"}],"curies":[{"name":"wp","href":"https:\/\/api.w.org\/{rel}","templated":true}]}}