{"id":232919,"date":"2026-04-30T15:52:08","date_gmt":"2026-04-30T13:52:08","guid":{"rendered":"https:\/\/radiostargjilan.com\/web\/?p=232919"},"modified":"2026-04-30T15:52:08","modified_gmt":"2026-04-30T13:52:08","slug":"lushaku-sadriu-ldk-ja-pajtohet-per-7-qershorin-si-date-te-zgjedhjeve","status":"publish","type":"post","link":"https:\/\/radiostargjilan.com\/web\/lushaku-sadriu-ldk-ja-pajtohet-per-7-qershorin-si-date-te-zgjedhjeve\/","title":{"rendered":"Lushaku-Sadriu: LDK-ja pajtohet p\u00ebr 7 qershorin si dat\u00eb t\u00eb zgjedhjeve"},"content":{"rendered":"<p>Ka p\u00ebrfunduar takimi konsultativ i ushtrueses s\u00eb detyr\u00ebs s\u00eb Presidentes, Albulena Haxhiu, me p\u00ebrfaq\u00ebsuesit e partive politike lidhur me caktimin e dat\u00ebs s\u00eb zgjedhjeve t\u00eb parakohshme parlamentare.<\/p>\n<p>Gjat\u00eb k\u00ebtij takimi, data 7 qershor \u00ebsht\u00eb konsideruar si opsioni m\u00eb i p\u00ebrshtatsh\u00ebm p\u00ebr mbajtjen e zgjedhjeve.<\/p>\n<p>Pas p\u00ebrfundimit t\u00eb takimit, an\u00ebtarja e LDK-s\u00eb, Jehona Lushaku-Sadriu, deklaroi se partia e saj ka dh\u00ebn\u00eb mb\u00ebshtetje p\u00ebr k\u00ebt\u00eb dat\u00eb, duke u bazuar edhe n\u00eb rekomandimin e Komisionit Qendror t\u00eb Zgjedhjeve.<\/p>\n<p>Sipas saj, KQZ ka k\u00ebrkuar m\u00eb shum\u00eb koh\u00eb p\u00ebr p\u00ebrgatitjen dhe organizimin e procesit zgjedhor, \u00e7ka e b\u00ebn 7 qershorin nj\u00eb dat\u00eb m\u00eb t\u00eb favorshme.<\/p>\n<p>\u201cSi LDK kemi dh\u00ebn\u00eb opinionin q\u00eb brenda kornizave ligjore t\u00eb shpallet data 7 qershori si dat\u00eb e zgjedhjeve, duke marr\u00eb parasysh k\u00ebrkes\u00ebn e KQZ-s\u00eb p\u00ebr m\u00eb shum\u00eb koh\u00eb p\u00ebr mobilizim. Jemi dakord me k\u00ebt\u00eb dat\u00eb\u201d, u shpreh Lushaku-Sadriu.<\/p>\n<p>Vendimi p\u00ebrfundimtar p\u00ebr dat\u00ebn e zgjedhjeve pritet t\u00eb merret nga Presidentja n\u00eb dit\u00ebt n\u00eb vijim.<\/p>\n","protected":false},"excerpt":{"rendered":"<p>Ka p\u00ebrfunduar takimi konsultativ i ushtrueses s\u00eb detyr\u00ebs s\u00eb Presidentes, Albulena Haxhiu, me p\u00ebrfaq\u00ebsuesit e partive politike lidhur me caktimin e dat\u00ebs s\u00eb zgjedhjeve t\u00eb parakohshme parlamentare. Gjat\u00eb k\u00ebtij takimi, data 7 qershor \u00ebsht\u00eb konsideruar si opsioni m\u00eb i p\u00ebrshtatsh\u00ebm p\u00ebr mbajtjen e zgjedhjeve. Pas p\u00ebrfundimit t\u00eb takimit, an\u00ebtarja e LDK-s\u00eb, Jehona Lushaku-Sadriu, deklaroi se [&hellip;]<\/p>\n","protected":false},"author":1,"featured_media":232920,"comment_status":"closed","ping_status":"closed","sticky":false,"template":"","format":"standard","meta":{"footnotes":""},"categories":[5],"tags":[],"class_list":{"0":"post-232919","1":"post","2":"type-post","3":"status-publish","4":"format-standard","5":"has-post-thumbnail","7":"category-lajme"},"_links":{"self":[{"href":"https:\/\/radiostargjilan.com\/web\/wp-json\/wp\/v2\/posts\/232919","targetHints":{"allow":["GET"]}}],"collection":[{"href":"https:\/\/radiostargjilan.com\/web\/wp-json\/wp\/v2\/posts"}],"about":[{"href":"https:\/\/radiostargjilan.com\/web\/wp-json\/wp\/v2\/types\/post"}],"author":[{"embeddable":true,"href":"https:\/\/radiostargjilan.com\/web\/wp-json\/wp\/v2\/users\/1"}],"replies":[{"embeddable":true,"href":"https:\/\/radiostargjilan.com\/web\/wp-json\/wp\/v2\/comments?post=232919"}],"version-history":[{"count":1,"href":"https:\/\/radiostargjilan.com\/web\/wp-json\/wp\/v2\/posts\/232919\/revisions"}],"predecessor-version":[{"id":232921,"href":"https:\/\/radiostargjilan.com\/web\/wp-json\/wp\/v2\/posts\/232919\/revisions\/232921"}],"wp:featuredmedia":[{"embeddable":true,"href":"https:\/\/radiostargjilan.com\/web\/wp-json\/wp\/v2\/media\/232920"}],"wp:attachment":[{"href":"https:\/\/radiostargjilan.com\/web\/wp-json\/wp\/v2\/media?parent=232919"}],"wp:term":[{"taxonomy":"category","embeddable":true,"href":"https:\/\/radiostargjilan.com\/web\/wp-json\/wp\/v2\/categories?post=232919"},{"taxonomy":"post_tag","embeddable":true,"href":"https:\/\/radiostargjilan.com\/web\/wp-json\/wp\/v2\/tags?post=232919"}],"curies":[{"name":"wp","href":"https:\/\/api.w.org\/{rel}","templated":true}]}}