{"id":232922,"date":"2026-04-30T15:59:37","date_gmt":"2026-04-30T13:59:37","guid":{"rendered":"https:\/\/radiostargjilan.com\/web\/?p=232922"},"modified":"2026-04-30T15:59:37","modified_gmt":"2026-04-30T13:59:37","slug":"zgjedhjet-e-parakohshme-gjini-dakordesi-per-7-qershor","status":"publish","type":"post","link":"https:\/\/radiostargjilan.com\/web\/zgjedhjet-e-parakohshme-gjini-dakordesi-per-7-qershor\/","title":{"rendered":"Zgjedhjet e parakohshme, Gjini: Dakord\u00ebsi p\u00ebr 7 qershor"},"content":{"rendered":"<p>Pas takimit konsultativ me partit\u00eb politike, ushtruesja e detyr\u00ebs s\u00eb Presidentes, Albulena Haxhiu, dhe partit\u00eb duket se kan\u00eb arritur konsensus q\u00eb zgjedhjet e parakohshme t\u00eb mbahen m\u00eb 7 qershor.<\/p>\n<p>Kryetari i Gjakov\u00ebs tha se kjo dat\u00eb shihet si nj\u00eb mund\u00ebsi p\u00ebr stabilitetin e vendit dhe p\u00ebr avancimin e proceseve demokratike<\/p>\n<p>\u201cKa nj\u00eb dakordanc\u00eb q\u00eb do ta zgjedhim t\u00eb jet\u00eb 7 qershori. Po duket se ka konsensus q\u00eb t\u00eb jet\u00eb data 7 qershor. Zgjedhjet jan\u00eb shans, pak shum\u00eb i ka desht\u00eb tash. Jan\u00eb shans p\u00ebr vendin, ne po b\u00ebhemi gati p\u00ebr me ia dh\u00ebn\u00eb Kosov\u00ebs stabilitetin.<\/p>\n<p>Gjini njoftoi se \u00ebsht\u00eb i propozuar si kandidat p\u00ebr kryeminist\u00ebr, por duhet pritur takimin e K\u00ebshillit Drejtues.<\/p>\n","protected":false},"excerpt":{"rendered":"<p>Pas takimit konsultativ me partit\u00eb politike, ushtruesja e detyr\u00ebs s\u00eb Presidentes, Albulena Haxhiu, dhe partit\u00eb duket se kan\u00eb arritur konsensus q\u00eb zgjedhjet e parakohshme t\u00eb mbahen m\u00eb 7 qershor. Kryetari i Gjakov\u00ebs tha se kjo dat\u00eb shihet si nj\u00eb mund\u00ebsi p\u00ebr stabilitetin e vendit dhe p\u00ebr avancimin e proceseve demokratike \u201cKa nj\u00eb dakordanc\u00eb q\u00eb do [&hellip;]<\/p>\n","protected":false},"author":1,"featured_media":232923,"comment_status":"closed","ping_status":"closed","sticky":false,"template":"","format":"standard","meta":{"footnotes":""},"categories":[5],"tags":[],"class_list":{"0":"post-232922","1":"post","2":"type-post","3":"status-publish","4":"format-standard","5":"has-post-thumbnail","7":"category-lajme"},"_links":{"self":[{"href":"https:\/\/radiostargjilan.com\/web\/wp-json\/wp\/v2\/posts\/232922","targetHints":{"allow":["GET"]}}],"collection":[{"href":"https:\/\/radiostargjilan.com\/web\/wp-json\/wp\/v2\/posts"}],"about":[{"href":"https:\/\/radiostargjilan.com\/web\/wp-json\/wp\/v2\/types\/post"}],"author":[{"embeddable":true,"href":"https:\/\/radiostargjilan.com\/web\/wp-json\/wp\/v2\/users\/1"}],"replies":[{"embeddable":true,"href":"https:\/\/radiostargjilan.com\/web\/wp-json\/wp\/v2\/comments?post=232922"}],"version-history":[{"count":1,"href":"https:\/\/radiostargjilan.com\/web\/wp-json\/wp\/v2\/posts\/232922\/revisions"}],"predecessor-version":[{"id":232924,"href":"https:\/\/radiostargjilan.com\/web\/wp-json\/wp\/v2\/posts\/232922\/revisions\/232924"}],"wp:featuredmedia":[{"embeddable":true,"href":"https:\/\/radiostargjilan.com\/web\/wp-json\/wp\/v2\/media\/232923"}],"wp:attachment":[{"href":"https:\/\/radiostargjilan.com\/web\/wp-json\/wp\/v2\/media?parent=232922"}],"wp:term":[{"taxonomy":"category","embeddable":true,"href":"https:\/\/radiostargjilan.com\/web\/wp-json\/wp\/v2\/categories?post=232922"},{"taxonomy":"post_tag","embeddable":true,"href":"https:\/\/radiostargjilan.com\/web\/wp-json\/wp\/v2\/tags?post=232922"}],"curies":[{"name":"wp","href":"https:\/\/api.w.org\/{rel}","templated":true}]}}