{"id":232925,"date":"2026-04-30T16:17:49","date_gmt":"2026-04-30T14:17:49","guid":{"rendered":"https:\/\/radiostargjilan.com\/web\/?p=232925"},"modified":"2026-04-30T16:17:49","modified_gmt":"2026-04-30T14:17:49","slug":"albulena-haxhiu-kam-vendosur-qe-zgjedhjet-e-parakohshme-te-mbahen-me-7-qershor","status":"publish","type":"post","link":"https:\/\/radiostargjilan.com\/web\/albulena-haxhiu-kam-vendosur-qe-zgjedhjet-e-parakohshme-te-mbahen-me-7-qershor\/","title":{"rendered":"Albulena Haxhiu: Kam vendosur q\u00eb zgjedhjet e parakohshme t\u00eb mbahen m\u00eb 7 qershor"},"content":{"rendered":"<p>Ushtruesja e detyr\u00ebs s\u00eb presidentes s\u00eb Kosov\u00ebs, Albulena Haxhiu, n\u00eb konferenc\u00eb p\u00ebr media pas takimit me p\u00ebrfaq\u00ebsues t\u00eb partive politike, ka njoftuar se zgjedhjet do t\u00eb mbahen m\u00eb 7 qershor.<\/p>\n<p>Ajo tha se n\u00eb takim ishin t\u00eb ftuara 17 parti politike, nd\u00ebrkaq 15 prej tyre ishin prezente.<\/p>\n<p>\u201cNd\u00ebrsa sot, bazuar n\u00eb Ligjin p\u00ebr Zgjedhjet e P\u00ebrgjithshme, para pak koh\u00ebsh p\u00ebrfundova takimin me drejtues e p\u00ebrfaq\u00ebsues t\u00eb subjekteve politike. Pra, n\u00eb k\u00ebt\u00eb takim ishin t\u00eb ftuara 17 parti politike; t\u00eb pranishme ishin 15 prej tyre. D\u00ebgjova propozimet e partive politike p\u00ebr dat\u00ebn e zgjedhjeve. Pas vler\u00ebsimit t\u00eb afateve kushtetuese, nevojave organizative t\u00eb Komisionit Qendror t\u00eb Zgjedhjeve dhe r\u00ebnd\u00ebsis\u00eb s\u00eb pjes\u00ebmarrjes sa m\u00eb t\u00eb gjer\u00eb t\u00eb qytetar\u00ebve n\u00eb k\u00ebt\u00eb proces, kam vendosur q\u00eb zgjedhjet e parakohshme p\u00ebr Kuvendin e Republik\u00ebs s\u00eb Kosov\u00ebs t\u00eb mbahen m\u00eb 7 qershor\u201d, tha ajo.<\/p>\n","protected":false},"excerpt":{"rendered":"<p>Ushtruesja e detyr\u00ebs s\u00eb presidentes s\u00eb Kosov\u00ebs, Albulena Haxhiu, n\u00eb konferenc\u00eb p\u00ebr media pas takimit me p\u00ebrfaq\u00ebsues t\u00eb partive politike, ka njoftuar se zgjedhjet do t\u00eb mbahen m\u00eb 7 qershor. Ajo tha se n\u00eb takim ishin t\u00eb ftuara 17 parti politike, nd\u00ebrkaq 15 prej tyre ishin prezente. \u201cNd\u00ebrsa sot, bazuar n\u00eb Ligjin p\u00ebr Zgjedhjet e [&hellip;]<\/p>\n","protected":false},"author":1,"featured_media":232882,"comment_status":"closed","ping_status":"closed","sticky":false,"template":"","format":"standard","meta":{"footnotes":""},"categories":[5],"tags":[],"class_list":{"0":"post-232925","1":"post","2":"type-post","3":"status-publish","4":"format-standard","5":"has-post-thumbnail","7":"category-lajme"},"_links":{"self":[{"href":"https:\/\/radiostargjilan.com\/web\/wp-json\/wp\/v2\/posts\/232925","targetHints":{"allow":["GET"]}}],"collection":[{"href":"https:\/\/radiostargjilan.com\/web\/wp-json\/wp\/v2\/posts"}],"about":[{"href":"https:\/\/radiostargjilan.com\/web\/wp-json\/wp\/v2\/types\/post"}],"author":[{"embeddable":true,"href":"https:\/\/radiostargjilan.com\/web\/wp-json\/wp\/v2\/users\/1"}],"replies":[{"embeddable":true,"href":"https:\/\/radiostargjilan.com\/web\/wp-json\/wp\/v2\/comments?post=232925"}],"version-history":[{"count":1,"href":"https:\/\/radiostargjilan.com\/web\/wp-json\/wp\/v2\/posts\/232925\/revisions"}],"predecessor-version":[{"id":232926,"href":"https:\/\/radiostargjilan.com\/web\/wp-json\/wp\/v2\/posts\/232925\/revisions\/232926"}],"wp:featuredmedia":[{"embeddable":true,"href":"https:\/\/radiostargjilan.com\/web\/wp-json\/wp\/v2\/media\/232882"}],"wp:attachment":[{"href":"https:\/\/radiostargjilan.com\/web\/wp-json\/wp\/v2\/media?parent=232925"}],"wp:term":[{"taxonomy":"category","embeddable":true,"href":"https:\/\/radiostargjilan.com\/web\/wp-json\/wp\/v2\/categories?post=232925"},{"taxonomy":"post_tag","embeddable":true,"href":"https:\/\/radiostargjilan.com\/web\/wp-json\/wp\/v2\/tags?post=232925"}],"curies":[{"name":"wp","href":"https:\/\/api.w.org\/{rel}","templated":true}]}}