{"id":232927,"date":"2026-04-30T16:56:36","date_gmt":"2026-04-30T14:56:36","guid":{"rendered":"https:\/\/radiostargjilan.com\/web\/?p=232927"},"modified":"2026-04-30T16:56:36","modified_gmt":"2026-04-30T14:56:36","slug":"pas-dekadash-pune-pensionohet-dr-ajhane-gashi-sefiu","status":"publish","type":"post","link":"https:\/\/radiostargjilan.com\/web\/pas-dekadash-pune-pensionohet-dr-ajhane-gashi-sefiu\/","title":{"rendered":"Pas dekadash pune, pensionohet Dr. Ajhane Gashi \u2013 Sefiu"},"content":{"rendered":"<p>Pas nj\u00eb pune t\u00eb suksesshme me dekada n\u00eb Spitalin rajonal t\u00eb Gjilanit \u00ebsht\u00eb pensionuar Dr. Ajhane Gashi \u2013 Sefiu specialiste e mikrobiologjis\u00eb dhe e parazitologjis\u00eb.<\/p>\n<p>E lindur n\u00eb Gjilan n\u00eb vitin 1961, ajo nd\u00ebrtoi nj\u00eb rrug\u00ebtim t\u00eb pasur arsimor e profesional, duke nisur nga bankat e shkollave fillore e t\u00eb mesme t\u00eb qytetit t\u00eb saj, p\u00ebr t\u00eb diplomuar m\u00eb pas n\u00eb Fakultetin e Mjek\u00ebsis\u00eb n\u00eb Prishtin\u00eb n\u00eb vitin 1988.<\/p>\n<p>Rrug\u00ebtimi i saj mori nj\u00eb drejtim edhe m\u00eb t\u00eb specializuar p\u00ebrmes studimeve n\u00eb Nish dhe Beograd, ku u titullua Specialiste e Mikrobiologjis\u00eb me Parazitologji.<\/p>\n<p>P\u00ebr 31 vite me radh\u00eb, Dr. Sefiu u b\u00eb nj\u00eb shtyll\u00eb e pal\u00ebkundur e sh\u00ebndetit publik n\u00eb rajonin e Gjilanit, duke sh\u00ebrbyer me devotshm\u00ebri nga qershori i vitit 1999 si mikrobiologe dhe udh\u00ebheq\u00ebse e Qendr\u00ebs Rajonale t\u00eb Sh\u00ebndetit Publik.<\/p>\n<p>Kontributi i saj i pashlyesh\u00ebm n\u00eb mbrojtjen e sh\u00ebndetit t\u00eb qytetar\u00ebve ka l\u00ebn\u00eb gjurm\u00eb t\u00eb thella n\u00eb institucion dhe n\u00eb zemrat e koleg\u00ebve, t\u00eb cil\u00ebt sot e p\u00ebrcjellin me respektin dhe mir\u00ebnjohjen m\u00eb t\u00eb lart\u00eb.<\/p>\n<p>Kjo fest\u00eb e dyfisht\u00eb, ku g\u00ebzimi i dit\u00eblindjes g\u00ebrshetohet me nderimin p\u00ebr nj\u00eb karrier\u00eb brilante, sh\u00ebnon fillimin e nj\u00eb kapitulli t\u00eb ri e t\u00eb merituar t\u00eb qet\u00ebsis\u00eb dhe lumturis\u00eb n\u00eb jet\u00ebn e saj.<\/p>\n","protected":false},"excerpt":{"rendered":"<p>Pas nj\u00eb pune t\u00eb suksesshme me dekada n\u00eb Spitalin rajonal t\u00eb Gjilanit \u00ebsht\u00eb pensionuar Dr. Ajhane Gashi \u2013 Sefiu specialiste e mikrobiologjis\u00eb dhe e parazitologjis\u00eb. E lindur n\u00eb Gjilan n\u00eb vitin 1961, ajo nd\u00ebrtoi nj\u00eb rrug\u00ebtim t\u00eb pasur arsimor e profesional, duke nisur nga bankat e shkollave fillore e t\u00eb mesme t\u00eb qytetit t\u00eb saj, [&hellip;]<\/p>\n","protected":false},"author":1,"featured_media":232928,"comment_status":"closed","ping_status":"closed","sticky":false,"template":"","format":"standard","meta":{"footnotes":""},"categories":[5],"tags":[],"class_list":{"0":"post-232927","1":"post","2":"type-post","3":"status-publish","4":"format-standard","5":"has-post-thumbnail","7":"category-lajme"},"_links":{"self":[{"href":"https:\/\/radiostargjilan.com\/web\/wp-json\/wp\/v2\/posts\/232927","targetHints":{"allow":["GET"]}}],"collection":[{"href":"https:\/\/radiostargjilan.com\/web\/wp-json\/wp\/v2\/posts"}],"about":[{"href":"https:\/\/radiostargjilan.com\/web\/wp-json\/wp\/v2\/types\/post"}],"author":[{"embeddable":true,"href":"https:\/\/radiostargjilan.com\/web\/wp-json\/wp\/v2\/users\/1"}],"replies":[{"embeddable":true,"href":"https:\/\/radiostargjilan.com\/web\/wp-json\/wp\/v2\/comments?post=232927"}],"version-history":[{"count":1,"href":"https:\/\/radiostargjilan.com\/web\/wp-json\/wp\/v2\/posts\/232927\/revisions"}],"predecessor-version":[{"id":232929,"href":"https:\/\/radiostargjilan.com\/web\/wp-json\/wp\/v2\/posts\/232927\/revisions\/232929"}],"wp:featuredmedia":[{"embeddable":true,"href":"https:\/\/radiostargjilan.com\/web\/wp-json\/wp\/v2\/media\/232928"}],"wp:attachment":[{"href":"https:\/\/radiostargjilan.com\/web\/wp-json\/wp\/v2\/media?parent=232927"}],"wp:term":[{"taxonomy":"category","embeddable":true,"href":"https:\/\/radiostargjilan.com\/web\/wp-json\/wp\/v2\/categories?post=232927"},{"taxonomy":"post_tag","embeddable":true,"href":"https:\/\/radiostargjilan.com\/web\/wp-json\/wp\/v2\/tags?post=232927"}],"curies":[{"name":"wp","href":"https:\/\/api.w.org\/{rel}","templated":true}]}}