{"id":232936,"date":"2026-04-30T19:53:53","date_gmt":"2026-04-30T17:53:53","guid":{"rendered":"https:\/\/radiostargjilan.com\/web\/?p=232936"},"modified":"2026-04-30T19:53:53","modified_gmt":"2026-04-30T17:53:53","slug":"lutfi-haziri-republika-mbi-interesat-partiake","status":"publish","type":"post","link":"https:\/\/radiostargjilan.com\/web\/lutfi-haziri-republika-mbi-interesat-partiake\/","title":{"rendered":"Lutfi Haziri: Republika mbi interesat partiake"},"content":{"rendered":"<p>N\u00ebnkryetari i LDK-s\u00eb, Lutfi Haziri, ka reaguar me kritika t\u00eb forta ndaj zhvillimeve t\u00eb fundit politike n\u00eb vend, duke theksuar munges\u00ebn e bashk\u00ebpunimit, pragmatizmit dhe kompromisit n\u00eb sken\u00ebn politike. <\/p>\n<p>Ai e ka cil\u00ebsuar si t\u00eb q\u00ebllimsh\u00ebm d\u00ebshtimin e dy legjislaturave t\u00eb Kuvendit, duke akuzuar se interesat partiake po mbizot\u00ebrojn\u00eb mbi ato shtet\u00ebrore. <\/p>\n<p>Sipas tij, mentaliteti parti-shtet \u00ebsht\u00eb i papranuesh\u00ebm dhe i d\u00ebmsh\u00ebm p\u00ebr t\u00eb ardhmen e Kosov\u00ebs, e cila, si\u00e7 thekson, meriton m\u00eb shum\u00eb p\u00ebrgjegj\u00ebsi, pun\u00eb dhe respekt nga p\u00ebrfaq\u00ebsuesit e saj politik\u00eb.<\/p>\n<div class=\"iframely-embed\">\n<div class=\"iframely-responsive\" style=\"padding-bottom: 66.6667%; padding-top: 120px;\"><a href=\"https:\/\/www.facebook.com\/hazirilutfi\/posts\/mungesa-e-bashk%C3%ABpunimit-pragmatizmit-dhe-kompromisit-politikd%C3%ABshtim-i-q%C3%ABllimsh%C3%ABm\/1541816420645012\/\" data-iframely-url=\"https:\/\/iframely.net\/1NeEnAGt?theme=dark\"><\/a><\/div>\n<\/div>\n<p><script async src=\"https:\/\/iframely.net\/embed.js\"><\/script><\/p>\n","protected":false},"excerpt":{"rendered":"<p>N\u00ebnkryetari i LDK-s\u00eb, Lutfi Haziri, ka reaguar me kritika t\u00eb forta ndaj zhvillimeve t\u00eb fundit politike n\u00eb vend, duke theksuar munges\u00ebn e bashk\u00ebpunimit, pragmatizmit dhe kompromisit n\u00eb sken\u00ebn politike. Ai e ka cil\u00ebsuar si t\u00eb q\u00ebllimsh\u00ebm d\u00ebshtimin e dy legjislaturave t\u00eb Kuvendit, duke akuzuar se interesat partiake po mbizot\u00ebrojn\u00eb mbi ato shtet\u00ebrore. Sipas tij, mentaliteti [&hellip;]<\/p>\n","protected":false},"author":1,"featured_media":232937,"comment_status":"closed","ping_status":"closed","sticky":false,"template":"","format":"standard","meta":{"footnotes":""},"categories":[5],"tags":[],"class_list":{"0":"post-232936","1":"post","2":"type-post","3":"status-publish","4":"format-standard","5":"has-post-thumbnail","7":"category-lajme"},"_links":{"self":[{"href":"https:\/\/radiostargjilan.com\/web\/wp-json\/wp\/v2\/posts\/232936","targetHints":{"allow":["GET"]}}],"collection":[{"href":"https:\/\/radiostargjilan.com\/web\/wp-json\/wp\/v2\/posts"}],"about":[{"href":"https:\/\/radiostargjilan.com\/web\/wp-json\/wp\/v2\/types\/post"}],"author":[{"embeddable":true,"href":"https:\/\/radiostargjilan.com\/web\/wp-json\/wp\/v2\/users\/1"}],"replies":[{"embeddable":true,"href":"https:\/\/radiostargjilan.com\/web\/wp-json\/wp\/v2\/comments?post=232936"}],"version-history":[{"count":1,"href":"https:\/\/radiostargjilan.com\/web\/wp-json\/wp\/v2\/posts\/232936\/revisions"}],"predecessor-version":[{"id":232938,"href":"https:\/\/radiostargjilan.com\/web\/wp-json\/wp\/v2\/posts\/232936\/revisions\/232938"}],"wp:featuredmedia":[{"embeddable":true,"href":"https:\/\/radiostargjilan.com\/web\/wp-json\/wp\/v2\/media\/232937"}],"wp:attachment":[{"href":"https:\/\/radiostargjilan.com\/web\/wp-json\/wp\/v2\/media?parent=232936"}],"wp:term":[{"taxonomy":"category","embeddable":true,"href":"https:\/\/radiostargjilan.com\/web\/wp-json\/wp\/v2\/categories?post=232936"},{"taxonomy":"post_tag","embeddable":true,"href":"https:\/\/radiostargjilan.com\/web\/wp-json\/wp\/v2\/tags?post=232936"}],"curies":[{"name":"wp","href":"https:\/\/api.w.org\/{rel}","templated":true}]}}