{"id":232942,"date":"2026-04-30T22:22:03","date_gmt":"2026-04-30T20:22:03","guid":{"rendered":"https:\/\/radiostargjilan.com\/web\/?p=232942"},"modified":"2026-04-30T22:22:03","modified_gmt":"2026-04-30T20:22:03","slug":"valentina-bunjaku-rexhepi-me-7-qershor-kosova-ka-nevoje-per-drejtim-dhe-bashkim","status":"publish","type":"post","link":"https:\/\/radiostargjilan.com\/web\/valentina-bunjaku-rexhepi-me-7-qershor-kosova-ka-nevoje-per-drejtim-dhe-bashkim\/","title":{"rendered":"Valentina Bunjaku Rexhepi: M\u00eb 7 qershor, Kosova ka nevoj\u00eb p\u00ebr drejtim dhe bashkim"},"content":{"rendered":"<p>N\u00eb prag t\u00eb 7 qershorit, Valentina Bunjaku Rexhepi ka b\u00ebr\u00eb thirrje p\u00ebr unitet dhe p\u00ebrgjegj\u00ebsi politike, duke theksuar se Kosova ndodhet n\u00eb nj\u00eb moment q\u00eb k\u00ebrkon drejtim t\u00eb qart\u00eb dhe bashkim t\u00eb spektrit politik.<\/p>\n<p>Ajo ka rikujtuar rolin historik t\u00eb Lidhja Demokratike e Kosov\u00ebs, duke theksuar se kjo parti ka qen\u00eb gjithmon\u00eb pran\u00eb qytetar\u00ebve n\u00eb koh\u00ebt m\u00eb t\u00eb v\u00ebshtira, duke vepruar me qet\u00ebsi, maturi dhe p\u00ebrgjegj\u00ebsi shtet\u00ebrore.<\/p>\n<p>\u201cSot, m\u00eb shum\u00eb se kurr\u00eb, duhet t\u00eb bashkohemi jo p\u00ebr inate politike, por p\u00ebr Kosov\u00ebn,\u201d \u00ebsht\u00eb shprehur ajo, duke b\u00ebr\u00eb thirrje p\u00ebr tejkalim t\u00eb ndasive dhe fokus n\u00eb interesin e p\u00ebrbashk\u00ebt t\u00eb vendit.<\/p>\n<p>Sipas saj, fryma e bashk\u00ebpunimit dhe besimit \u00ebsht\u00eb thelb\u00ebsore p\u00ebr t\u00eb nd\u00ebrtuar nj\u00eb t\u00eb ardhme m\u00eb t\u00eb q\u00ebndrueshme p\u00ebr Kosov\u00ebn.<\/p>\n<p>N\u00eb p\u00ebrmbyllje, ajo ka p\u00ebrs\u00ebritur mesazhin e saj: \u201cLDK \u2013 bes\u00eb dhe shpres\u00eb p\u00ebr qytetar\u00ebt.\u201d<\/p>\n","protected":false},"excerpt":{"rendered":"<p>N\u00eb prag t\u00eb 7 qershorit, Valentina Bunjaku Rexhepi ka b\u00ebr\u00eb thirrje p\u00ebr unitet dhe p\u00ebrgjegj\u00ebsi politike, duke theksuar se Kosova ndodhet n\u00eb nj\u00eb moment q\u00eb k\u00ebrkon drejtim t\u00eb qart\u00eb dhe bashkim t\u00eb spektrit politik. Ajo ka rikujtuar rolin historik t\u00eb Lidhja Demokratike e Kosov\u00ebs, duke theksuar se kjo parti ka qen\u00eb gjithmon\u00eb pran\u00eb qytetar\u00ebve n\u00eb [&hellip;]<\/p>\n","protected":false},"author":1,"featured_media":232943,"comment_status":"closed","ping_status":"closed","sticky":false,"template":"","format":"standard","meta":{"footnotes":""},"categories":[5],"tags":[],"class_list":{"0":"post-232942","1":"post","2":"type-post","3":"status-publish","4":"format-standard","5":"has-post-thumbnail","7":"category-lajme"},"_links":{"self":[{"href":"https:\/\/radiostargjilan.com\/web\/wp-json\/wp\/v2\/posts\/232942","targetHints":{"allow":["GET"]}}],"collection":[{"href":"https:\/\/radiostargjilan.com\/web\/wp-json\/wp\/v2\/posts"}],"about":[{"href":"https:\/\/radiostargjilan.com\/web\/wp-json\/wp\/v2\/types\/post"}],"author":[{"embeddable":true,"href":"https:\/\/radiostargjilan.com\/web\/wp-json\/wp\/v2\/users\/1"}],"replies":[{"embeddable":true,"href":"https:\/\/radiostargjilan.com\/web\/wp-json\/wp\/v2\/comments?post=232942"}],"version-history":[{"count":1,"href":"https:\/\/radiostargjilan.com\/web\/wp-json\/wp\/v2\/posts\/232942\/revisions"}],"predecessor-version":[{"id":232944,"href":"https:\/\/radiostargjilan.com\/web\/wp-json\/wp\/v2\/posts\/232942\/revisions\/232944"}],"wp:featuredmedia":[{"embeddable":true,"href":"https:\/\/radiostargjilan.com\/web\/wp-json\/wp\/v2\/media\/232943"}],"wp:attachment":[{"href":"https:\/\/radiostargjilan.com\/web\/wp-json\/wp\/v2\/media?parent=232942"}],"wp:term":[{"taxonomy":"category","embeddable":true,"href":"https:\/\/radiostargjilan.com\/web\/wp-json\/wp\/v2\/categories?post=232942"},{"taxonomy":"post_tag","embeddable":true,"href":"https:\/\/radiostargjilan.com\/web\/wp-json\/wp\/v2\/tags?post=232942"}],"curies":[{"name":"wp","href":"https:\/\/api.w.org\/{rel}","templated":true}]}}