{"id":232946,"date":"2026-04-30T22:24:40","date_gmt":"2026-04-30T20:24:40","guid":{"rendered":"https:\/\/radiostargjilan.com\/web\/?p=232946"},"modified":"2026-04-30T22:24:40","modified_gmt":"2026-04-30T20:24:40","slug":"abdixhiku-e-osmani-perfundojne-takimin-paralajmerojne-lajme-te-mira","status":"publish","type":"post","link":"https:\/\/radiostargjilan.com\/web\/abdixhiku-e-osmani-perfundojne-takimin-paralajmerojne-lajme-te-mira\/","title":{"rendered":"Abdixhiku e Osmani p\u00ebrfundojn\u00eb takimin, paralajm\u00ebrojn\u00eb \u201clajme t\u00eb mira\u201d"},"content":{"rendered":"<p>Kryetari i Lidhjes Demokratike t\u00eb Kosov\u00ebs, Lumir Abdixhiku dhe ish-presidentja e Kosov\u00ebs, Vjosa Osmani kan\u00eb p\u00ebrfunduar takimin.<\/p>\n<p>Pas takimit ata shkurt p\u00ebr media kan\u00eb th\u00ebn\u00eb se ishte nj\u00eb kafe miqsh.<\/p>\n<p>Abdixhiku tha se takime t\u00eb tilla do t\u00eb ket\u00eb dhe si\u00e7 tha ai do t\u00eb ket\u00eb \u201clajme t\u00eb mira\u201d.<\/p>\n<p>\u201cNuk \u00ebsht\u00eb i pari e as s\u2019do t\u00eb jet\u00eb i fundit dhe shum\u00eb shpejt do t\u00eb vijm\u00eb me lajme t\u00eb mira. Pjes\u00eb substanciale e kthimit t\u00eb madh t\u00eb LDK-s\u00eb, por shum\u00eb shpejt vijm\u00eb me lajme t\u00eb mira\u201d, ka th\u00ebn\u00eb Abdixhiku.<\/p>\n<p>Edhe Osmani ishte e shkurt\u00ebt n\u00eb deklarim duke th\u00ebn\u00eb se \u201cishte nj\u00eb kafe mes miqsh\u201d.<\/p>\n","protected":false},"excerpt":{"rendered":"<p>Kryetari i Lidhjes Demokratike t\u00eb Kosov\u00ebs, Lumir Abdixhiku dhe ish-presidentja e Kosov\u00ebs, Vjosa Osmani kan\u00eb p\u00ebrfunduar takimin. Pas takimit ata shkurt p\u00ebr media kan\u00eb th\u00ebn\u00eb se ishte nj\u00eb kafe miqsh. Abdixhiku tha se takime t\u00eb tilla do t\u00eb ket\u00eb dhe si\u00e7 tha ai do t\u00eb ket\u00eb \u201clajme t\u00eb mira\u201d. \u201cNuk \u00ebsht\u00eb i pari e as [&hellip;]<\/p>\n","protected":false},"author":1,"featured_media":232947,"comment_status":"closed","ping_status":"closed","sticky":false,"template":"","format":"standard","meta":{"footnotes":""},"categories":[5],"tags":[],"class_list":{"0":"post-232946","1":"post","2":"type-post","3":"status-publish","4":"format-standard","5":"has-post-thumbnail","7":"category-lajme"},"_links":{"self":[{"href":"https:\/\/radiostargjilan.com\/web\/wp-json\/wp\/v2\/posts\/232946","targetHints":{"allow":["GET"]}}],"collection":[{"href":"https:\/\/radiostargjilan.com\/web\/wp-json\/wp\/v2\/posts"}],"about":[{"href":"https:\/\/radiostargjilan.com\/web\/wp-json\/wp\/v2\/types\/post"}],"author":[{"embeddable":true,"href":"https:\/\/radiostargjilan.com\/web\/wp-json\/wp\/v2\/users\/1"}],"replies":[{"embeddable":true,"href":"https:\/\/radiostargjilan.com\/web\/wp-json\/wp\/v2\/comments?post=232946"}],"version-history":[{"count":1,"href":"https:\/\/radiostargjilan.com\/web\/wp-json\/wp\/v2\/posts\/232946\/revisions"}],"predecessor-version":[{"id":232948,"href":"https:\/\/radiostargjilan.com\/web\/wp-json\/wp\/v2\/posts\/232946\/revisions\/232948"}],"wp:featuredmedia":[{"embeddable":true,"href":"https:\/\/radiostargjilan.com\/web\/wp-json\/wp\/v2\/media\/232947"}],"wp:attachment":[{"href":"https:\/\/radiostargjilan.com\/web\/wp-json\/wp\/v2\/media?parent=232946"}],"wp:term":[{"taxonomy":"category","embeddable":true,"href":"https:\/\/radiostargjilan.com\/web\/wp-json\/wp\/v2\/categories?post=232946"},{"taxonomy":"post_tag","embeddable":true,"href":"https:\/\/radiostargjilan.com\/web\/wp-json\/wp\/v2\/tags?post=232946"}],"curies":[{"name":"wp","href":"https:\/\/api.w.org\/{rel}","templated":true}]}}