{"id":232949,"date":"2026-05-01T07:40:15","date_gmt":"2026-05-01T05:40:15","guid":{"rendered":"https:\/\/radiostargjilan.com\/web\/?p=232949"},"modified":"2026-05-01T07:40:15","modified_gmt":"2026-05-01T05:40:15","slug":"parashikimi-i-motit-per-sot-481","status":"publish","type":"post","link":"https:\/\/radiostargjilan.com\/web\/parashikimi-i-motit-per-sot-481\/","title":{"rendered":"Parashikimi i motit p\u00ebr sot"},"content":{"rendered":"<p>T\u00eb premten parashikohet t\u00eb mbaj\u00eb mot kryesisht me diell n\u00eb or\u00ebt e m\u00ebngjesit por i ftoht\u00eb e me ngrica lokale. Gjat\u00eb dit\u00ebs priten vran\u00ebsira t\u00eb pjesshme.<\/p>\n<p>Era do t\u00eb fryj\u00eb nga verilindja, e cila her\u00eb pas here pritet t\u00eb jet\u00eb e fuqishme, me shpejt\u00ebsi prej 15-49 km\/h.<\/p>\n<p>Temperaturat do t\u00eb sh\u00ebnojn\u00eb ngritje gjat\u00eb dit\u00ebs, me minimale q\u00eb do t\u00eb l\u00ebvizin prej -2 deri n\u00eb 2\u00b0C, nd\u00ebrsa ato maksimale prej 9 deri n\u00eb 14\u00b0C. \/MeteoKosova\/<\/p>\n","protected":false},"excerpt":{"rendered":"<p>T\u00eb premten parashikohet t\u00eb mbaj\u00eb mot kryesisht me diell n\u00eb or\u00ebt e m\u00ebngjesit por i ftoht\u00eb e me ngrica lokale. Gjat\u00eb dit\u00ebs priten vran\u00ebsira t\u00eb pjesshme. Era do t\u00eb fryj\u00eb nga verilindja, e cila her\u00eb pas here pritet t\u00eb jet\u00eb e fuqishme, me shpejt\u00ebsi prej 15-49 km\/h. Temperaturat do t\u00eb sh\u00ebnojn\u00eb ngritje gjat\u00eb dit\u00ebs, me [&hellip;]<\/p>\n","protected":false},"author":1,"featured_media":231240,"comment_status":"closed","ping_status":"closed","sticky":false,"template":"","format":"standard","meta":{"footnotes":""},"categories":[5],"tags":[],"class_list":{"0":"post-232949","1":"post","2":"type-post","3":"status-publish","4":"format-standard","5":"has-post-thumbnail","7":"category-lajme"},"_links":{"self":[{"href":"https:\/\/radiostargjilan.com\/web\/wp-json\/wp\/v2\/posts\/232949","targetHints":{"allow":["GET"]}}],"collection":[{"href":"https:\/\/radiostargjilan.com\/web\/wp-json\/wp\/v2\/posts"}],"about":[{"href":"https:\/\/radiostargjilan.com\/web\/wp-json\/wp\/v2\/types\/post"}],"author":[{"embeddable":true,"href":"https:\/\/radiostargjilan.com\/web\/wp-json\/wp\/v2\/users\/1"}],"replies":[{"embeddable":true,"href":"https:\/\/radiostargjilan.com\/web\/wp-json\/wp\/v2\/comments?post=232949"}],"version-history":[{"count":1,"href":"https:\/\/radiostargjilan.com\/web\/wp-json\/wp\/v2\/posts\/232949\/revisions"}],"predecessor-version":[{"id":232950,"href":"https:\/\/radiostargjilan.com\/web\/wp-json\/wp\/v2\/posts\/232949\/revisions\/232950"}],"wp:featuredmedia":[{"embeddable":true,"href":"https:\/\/radiostargjilan.com\/web\/wp-json\/wp\/v2\/media\/231240"}],"wp:attachment":[{"href":"https:\/\/radiostargjilan.com\/web\/wp-json\/wp\/v2\/media?parent=232949"}],"wp:term":[{"taxonomy":"category","embeddable":true,"href":"https:\/\/radiostargjilan.com\/web\/wp-json\/wp\/v2\/categories?post=232949"},{"taxonomy":"post_tag","embeddable":true,"href":"https:\/\/radiostargjilan.com\/web\/wp-json\/wp\/v2\/tags?post=232949"}],"curies":[{"name":"wp","href":"https:\/\/api.w.org\/{rel}","templated":true}]}}