{"id":232954,"date":"2026-05-01T09:59:22","date_gmt":"2026-05-01T07:59:22","guid":{"rendered":"https:\/\/radiostargjilan.com\/web\/?p=232954"},"modified":"2026-05-01T09:59:22","modified_gmt":"2026-05-01T07:59:22","slug":"zgjedhjet-e-7-qershorit-kqz-ja-sot-mban-mbledhjen-e-pare","status":"publish","type":"post","link":"https:\/\/radiostargjilan.com\/web\/zgjedhjet-e-7-qershorit-kqz-ja-sot-mban-mbledhjen-e-pare\/","title":{"rendered":"Zgjedhjet e 7 qershorit: KQZ-ja sot mban mbledhjen e par\u00eb"},"content":{"rendered":"<p>Sot, duke filluar n\u00eb or\u00ebn 11:30, Komisioni Qendror i Zgjedhjeve do t\u00eb mbaj\u00eb mbledhjen e par\u00eb pas caktimit t\u00eb dat\u00ebs 7 qershor 2026 p\u00ebr mbajtjen e zgjedhjeve t\u00eb parakohshme p\u00ebr Kuvendin e Kosov\u00ebs.<\/p>\n<p>N\u00eb rend t\u00eb dit\u00ebs do t\u00eb jen\u00eb vendimet e para do t\u00eb jet\u00eb vendosja e afateve t\u00eb aktiviteteve zgjedhore dhe miratimi i planit t\u00eb buxhetit.<\/p>\n<p>Z\u00ebdh\u00ebn\u00ebsi i KQZ-s\u00eb, Valmir Elezi, ka treguar se me planin e aktiviteteve, KQZ rregullon \u00e7\u00ebshtjet mbi t\u00eb cilat nd\u00ebrtohet i gjith\u00eb procesi zgjedhor dhe q\u00eb kan\u00eb t\u00eb b\u00ebjn\u00eb me votuesit, subjektet politike dhe v\u00ebzhguesit.<\/p>\n<p>\u201cPra, k\u00ebtu p\u00ebrcaktohen afati p\u00ebr partit\u00eb politike p\u00ebr t\u00eb formuar koalicione dhe deklaruar mospjes\u00ebmarrjen n\u00eb zgjedhje; afatin p\u00ebr subjektet politike p\u00ebr t\u2019u certifikuar e p\u00ebr t\u00eb dor\u00ebzuar list\u00ebn e kanidat\u00ebve p\u00ebr deputet\u00eb; dhe periudh\u00ebn e fushat\u00ebs zgjedhore. Po ashtu, me an\u00eb t\u00eb k\u00ebtij plani, KQZ cakton edhe koh\u00ebn p\u00ebr regjistrimin e votuesve jasht\u00eb Kosov\u00ebs, votimin p\u00ebrmes post\u00ebs dhe n\u00eb p\u00ebrfaq\u00ebsi diplomatike, si dhe regjistrimin e votuesve me nevoja t\u00eb ve\u00e7anta. Pjes\u00eb e k\u00ebtij plani \u00ebsht\u00eb edhe vendosja e afateve p\u00ebr akreditimin e v\u00ebzhguesve dhe mediave\u201d, ka th\u00ebn\u00eb Elezi.<\/p>\n<p>Sipas tij, meqen\u00ebse k\u00ebto jan\u00eb zgjedhje t\u00eb parakohshme\u201corganizimi i tyre b\u00ebhet me afate t\u00eb shkurt\u00ebra kohore dhe se KQZ do t\u2019i p\u00ebrshtas k\u00ebto afate sipas nevoj\u00ebs de n\u00eb pajtim me rrethanat.<\/p>\n<p>Gjithashtu, Elezi ka treguar se n\u00eb k\u00ebt\u00eb mbledhje KQZ pritet t\u00eb miratoj\u00eb planifikimin e buxhetit t\u00eb nevojsh\u00ebm p\u00ebr organizimin e zgjedhjeve.<\/p>\n<p>\u201cViti 2026 nuk \u00ebsht\u00eb nj\u00eb vit zgjedhor dhe kjo do t\u00eb thot\u00eb se n\u00eb buxhetin vjetor t\u00eb KQZ-s\u00eb t\u00eb ndar\u00eb me ligjin e buxhetit, nuk ka mjete t\u00eb planifikuara p\u00ebr zgjedhje t\u00eb parakohshme. N\u00eb rrethana t\u00eb tilla, ashtu si\u00e7 \u00ebsht\u00eb vepruar n\u00eb t\u00eb kaluar\u00ebn, KQZ i drejtohet Qeveris\u00eb s\u00eb Kosov\u00ebs me k\u00ebrkes\u00eb p\u00ebr mjetet q\u00eb jan\u00eb t\u00eb nevojshme p\u00ebr mbulimin e shpenzimeve\u201d, tha ai.<\/p>\n","protected":false},"excerpt":{"rendered":"<p>Sot, duke filluar n\u00eb or\u00ebn 11:30, Komisioni Qendror i Zgjedhjeve do t\u00eb mbaj\u00eb mbledhjen e par\u00eb pas caktimit t\u00eb dat\u00ebs 7 qershor 2026 p\u00ebr mbajtjen e zgjedhjeve t\u00eb parakohshme p\u00ebr Kuvendin e Kosov\u00ebs. N\u00eb rend t\u00eb dit\u00ebs do t\u00eb jen\u00eb vendimet e para do t\u00eb jet\u00eb vendosja e afateve t\u00eb aktiviteteve zgjedhore dhe miratimi i [&hellip;]<\/p>\n","protected":false},"author":1,"featured_media":232955,"comment_status":"closed","ping_status":"closed","sticky":false,"template":"","format":"standard","meta":{"footnotes":""},"categories":[5],"tags":[],"class_list":{"0":"post-232954","1":"post","2":"type-post","3":"status-publish","4":"format-standard","5":"has-post-thumbnail","7":"category-lajme"},"_links":{"self":[{"href":"https:\/\/radiostargjilan.com\/web\/wp-json\/wp\/v2\/posts\/232954","targetHints":{"allow":["GET"]}}],"collection":[{"href":"https:\/\/radiostargjilan.com\/web\/wp-json\/wp\/v2\/posts"}],"about":[{"href":"https:\/\/radiostargjilan.com\/web\/wp-json\/wp\/v2\/types\/post"}],"author":[{"embeddable":true,"href":"https:\/\/radiostargjilan.com\/web\/wp-json\/wp\/v2\/users\/1"}],"replies":[{"embeddable":true,"href":"https:\/\/radiostargjilan.com\/web\/wp-json\/wp\/v2\/comments?post=232954"}],"version-history":[{"count":1,"href":"https:\/\/radiostargjilan.com\/web\/wp-json\/wp\/v2\/posts\/232954\/revisions"}],"predecessor-version":[{"id":232956,"href":"https:\/\/radiostargjilan.com\/web\/wp-json\/wp\/v2\/posts\/232954\/revisions\/232956"}],"wp:featuredmedia":[{"embeddable":true,"href":"https:\/\/radiostargjilan.com\/web\/wp-json\/wp\/v2\/media\/232955"}],"wp:attachment":[{"href":"https:\/\/radiostargjilan.com\/web\/wp-json\/wp\/v2\/media?parent=232954"}],"wp:term":[{"taxonomy":"category","embeddable":true,"href":"https:\/\/radiostargjilan.com\/web\/wp-json\/wp\/v2\/categories?post=232954"},{"taxonomy":"post_tag","embeddable":true,"href":"https:\/\/radiostargjilan.com\/web\/wp-json\/wp\/v2\/tags?post=232954"}],"curies":[{"name":"wp","href":"https:\/\/api.w.org\/{rel}","templated":true}]}}