{"id":232963,"date":"2026-05-01T11:07:57","date_gmt":"2026-05-01T09:07:57","guid":{"rendered":"https:\/\/radiostargjilan.com\/web\/?p=232963"},"modified":"2026-05-01T11:07:57","modified_gmt":"2026-05-01T09:07:57","slug":"kolektivi-per-mendim-dhe-veprim-feminist-bllokon-nje-rruge-ne-prishtine-punetoret-perballen-me-jete-gjithnje-e-me-te-pajetueshme","status":"publish","type":"post","link":"https:\/\/radiostargjilan.com\/web\/kolektivi-per-mendim-dhe-veprim-feminist-bllokon-nje-rruge-ne-prishtine-punetoret-perballen-me-jete-gjithnje-e-me-te-pajetueshme\/","title":{"rendered":"Kolektivi p\u00ebr Mendim dhe Veprim Feminist bllokon nj\u00eb rrug\u00eb n\u00eb Prishtin\u00eb: Pun\u00ebtor\u00ebt p\u00ebrballen me jet\u00eb gjithnj\u00eb e m\u00eb t\u00eb pajetueshme"},"content":{"rendered":"<p>Kolektivi P\u00ebr Mendim dhe Veprim Feminist n\u00eb Dit\u00ebn Nd\u00ebrkomb\u00ebtare t\u00eb Pun\u00ebs e sh\u00ebnuan me nj\u00eb bllokad\u00eb n\u00eb rrug\u00eb p\u00ebr si\u00e7 than\u00eb \u201cp\u00ebr t\u00eb kumtuar t\u00eb v\u00ebrtet\u00ebn e klas\u00ebs ton\u00eb pun\u00ebtore\u201d.<\/p>\n<p>Sipas nj\u00eb njoftimi p\u00ebr media thuhet se pun\u00ebtor\u00ebt sot p\u00ebrballen me jet\u00eb q\u00eb po b\u00ebhet \u00e7do her\u00eb e m\u00eb e pajetueshme, duke kryer pun\u00eb t\u00eb shum\u00ebfishta, pa siguri sociale, me \u00e7mime t\u00eb pap\u00ebrballueshme.<\/p>\n<p>Po ashtu n\u00eb njoftim thuhet se: \u201cGrat\u00eb amvise q\u00eb e kryejn\u00eb pun\u00ebn ky\u00e7e q\u00eb e mund\u00ebson shfryt\u00ebzimin kapitalist mbesin t\u00eb st\u00ebrlodhura e pa t\u00eb ardhura baz\u00eb, pensionistet\/\u00ebt marrin l\u00ebmosha q\u00eb as barnat nuk ua mbulojn\u00eb, pun\u00ebtor\u00ebt\/et n\u00eb sektorin privat keqpaguhen, keqtrajtohen e edhe vriten n\u00eb vendin e pun\u00ebs, personat e etnive t\u00eb racializuara keqtrajtohen e p\u00ebrjashtohen, grat\u00eb pun\u00ebtore abuzohen seksualisht, shtypen shum\u00ebfish, personat queer shpesh p\u00ebrjashtohen komplet prej tregut, personat neurodivergjent\u00eb e me aft\u00ebsi t\u00eb kufizuara ose keqp\u00ebrdoren, ose shnd\u00ebrrohen n\u00eb kart\u00eb t\u00eb marketingut korporativ q\u00eb i shfryt\u00ebzon kapitali p\u00ebr fitim\u201d.<\/p>\n<p>P\u00ebr m\u00eb shum\u00eb lexoni njoftimin e Kolektivi P\u00ebr Mendim dhe Veprim Feminist:<\/p>\n<p>Majin sot e nis\u00ebm me bllokad\u00eb n\u00eb rrug\u00eb p\u00ebr t\u00eb kumtuar t\u00eb v\u00ebrtet\u00ebn e klas\u00ebs ton\u00eb pun\u00ebtore: ne punojm\u00eb p\u00ebr ta nd\u00ebrtuar nj\u00eb shtet q\u00eb nuk na p\u00ebrket neve, por kapitalist\u00ebve n\u00eb publik e privat. Jemi ne dhe shum\u00eb para nesh q\u00eb kan\u00eb nd\u00ebrtuar t\u00eb mirat q\u00eb sot na vidhen dhe p\u00ebrdoren kund\u00ebr nesh, duke na mbajtur shum\u00eb prej nesh ve\u00e7 me trosha buke e l\u00ebmosh\u00eb, n\u00eb nj\u00eb ekonomi q\u00eb po rritet me djers\u00ebn e gjakun e pun\u00ebtor\u00ebve\/eve, p\u00ebr t\u00eb na varf\u00ebruar edhe m\u00eb tej shumic\u00ebn prej nesh.<\/p>\n<p>Pun\u00ebtorja e pun\u00ebtori sot p\u00ebrballet me jet\u00eb q\u00eb po b\u00ebhet \u00e7do her\u00eb e m\u00eb e pajetueshme, duke kryer pun\u00eb t\u00eb shum\u00ebfishta, pa siguri sociale, me \u00e7mime t\u00eb pap\u00ebrballueshme, shp\u00ebrfillje shtet\u00ebrore e shfryt\u00ebzim privato-publik. Grat\u00eb amvise q\u00eb e kryejn\u00eb pun\u00ebn ky\u00e7e q\u00eb e mund\u00ebson shfryt\u00ebzimin kapitalist mbesin t\u00eb st\u00ebrlodhura e pa t\u00eb ardhura baz\u00eb, pensionistet\/\u00ebt marrin l\u00ebmosha q\u00eb as barnat nuk ua mbulojn\u00eb, pun\u00ebtor\u00ebt\/et n\u00eb sektorin privat keqpaguhen, keqtrajtohen e edhe vriten n\u00eb vendin e pun\u00ebs, personat e etnive t\u00eb racializuara keqtrajtohen e p\u00ebrjashtohen, grat\u00eb pun\u00ebtore abuzohen seksualisht, shtypen shum\u00ebfish, personat queer shpesh p\u00ebrjashtohen komplet prej tregut, personat neurodivergjent\u00eb e me aft\u00ebsi t\u00eb kufizuara ose keqp\u00ebrdoren, ose shnd\u00ebrrohen n\u00eb kart\u00eb t\u00eb marketingut korporativ q\u00eb i shfryt\u00ebzon kapitali p\u00ebr fitim. Pra, shumica d\u00ebrrmuese, jetojm\u00eb dhe punojm\u00eb n\u00eb kushte q\u00eb na t\u00ebhuaj\u00ebsojn\u00eb nga qen\u00ebsia, puna dhe komuniteti jon\u00eb. Ne po jetojm\u00eb p\u00ebr t\u00eb punuar p\u00ebr shefat dhe pushtetin politik, n\u00eb nj\u00eb ekonomi e cila \u00e7do her\u00eb e m\u00eb shum\u00eb po b\u00ebhet m\u00eb e eg\u00ebr, m\u00eb nd\u00ebshkuese dhe m\u00eb zhvat\u00ebse. Krejt kjo, fal\u00eb partneritetit t\u00eb shtetit me kapitalin q\u00eb bashk\u00eb funksionojn\u00eb p\u00ebr t\u00eb na shtypur dhe shpartalluar.<\/p>\n<p>P\u00ebr ne Kosova, e nd\u00ebrtuar prej djers\u00ebs pun\u00ebtore, po b\u00ebhet \u00e7do dit\u00eb e m\u00eb shum\u00eb parajsa e pushtetar\u00ebve e kapitalist\u00ebve e ferri yn\u00eb. Frytet e pun\u00ebs ton\u00eb dhe t\u00eb tjerave\/\u00ebve para nesh nuk po i g\u00ebzojm\u00eb ne, por nj\u00eb pakic\u00eb e pushteteve q\u00eb kan\u00eb lidhur aleanc\u00eb p\u00ebr t\u00eb shtruar zullumin kundrejt nesh me q\u00ebllim t\u00eb grumbullimit kapitalist.<\/p>\n<p>Sot, ne si klas\u00eb jemi e st\u00ebrlodhur, cop\u00ebtuar e subjekte t\u00eb tentativave depolitizuese q\u00eb vijn\u00eb prej lart dhe q\u00eb duan t\u00eb na mbajn\u00eb t\u00eb hutuar, t\u00eb rraskapitur, t\u00eb varf\u00ebr dhe t\u00eb pashpres\u00eb. N\u00ebp\u00ebrmjet k\u00ebtij bresh\u00ebri sulmesh po lul\u00ebzojn\u00eb pushteti e kapitali q\u00eb na shnd\u00ebrrojn\u00eb n\u00eb mjete rritjeje e pasurimi, duke na zhveshur nga njer\u00ebzia dhe dinjiteti yn\u00eb.<\/p>\n<p>Sot, ne e kemi suspenduar protest\u00ebn si grumbullim simbolik si pik\u00eb reflektimi p\u00ebr t\u00eb instituar ta kthejm\u00eb materialen dhe potencialin ndryshues t\u00eb protest\u00ebs, si rezistenc\u00eb e jona ndaj tentativave p\u00ebr depolitizim t\u00eb protest\u00ebs dhe shnd\u00ebrrimit t\u00eb saj n\u00eb sh\u00ebtitje simbolike q\u00eb m\u00eb s\u00eb shumti alienon pun\u00ebtoren\/in q\u00eb \u00ebsht\u00eb n\u00eb qoshe t\u00eb sistemit. K\u00ebt\u00eb 1 Maj kumtojm\u00eb q\u00eb \u00ebsht\u00eb koha q\u00eb protesta t\u00eb paraqes prap\u00eb rrezik p\u00ebr pushtetin. P\u00ebr ta b\u00ebr\u00eb k\u00ebt\u00eb, na duhet t\u00eb besojm\u00eb te ndryshimi dhe forca e organizimit ton\u00eb si klas\u00eb pun\u00ebtore t\u00eb t\u00eb gjitha sektoreve. \/Telegrafi\/<\/p>\n","protected":false},"excerpt":{"rendered":"<p>Kolektivi P\u00ebr Mendim dhe Veprim Feminist n\u00eb Dit\u00ebn Nd\u00ebrkomb\u00ebtare t\u00eb Pun\u00ebs e sh\u00ebnuan me nj\u00eb bllokad\u00eb n\u00eb rrug\u00eb p\u00ebr si\u00e7 than\u00eb \u201cp\u00ebr t\u00eb kumtuar t\u00eb v\u00ebrtet\u00ebn e klas\u00ebs ton\u00eb pun\u00ebtore\u201d. Sipas nj\u00eb njoftimi p\u00ebr media thuhet se pun\u00ebtor\u00ebt sot p\u00ebrballen me jet\u00eb q\u00eb po b\u00ebhet \u00e7do her\u00eb e m\u00eb e pajetueshme, duke kryer pun\u00eb t\u00eb [&hellip;]<\/p>\n","protected":false},"author":1,"featured_media":232964,"comment_status":"closed","ping_status":"closed","sticky":false,"template":"","format":"standard","meta":{"footnotes":""},"categories":[5],"tags":[],"class_list":{"0":"post-232963","1":"post","2":"type-post","3":"status-publish","4":"format-standard","5":"has-post-thumbnail","7":"category-lajme"},"_links":{"self":[{"href":"https:\/\/radiostargjilan.com\/web\/wp-json\/wp\/v2\/posts\/232963","targetHints":{"allow":["GET"]}}],"collection":[{"href":"https:\/\/radiostargjilan.com\/web\/wp-json\/wp\/v2\/posts"}],"about":[{"href":"https:\/\/radiostargjilan.com\/web\/wp-json\/wp\/v2\/types\/post"}],"author":[{"embeddable":true,"href":"https:\/\/radiostargjilan.com\/web\/wp-json\/wp\/v2\/users\/1"}],"replies":[{"embeddable":true,"href":"https:\/\/radiostargjilan.com\/web\/wp-json\/wp\/v2\/comments?post=232963"}],"version-history":[{"count":1,"href":"https:\/\/radiostargjilan.com\/web\/wp-json\/wp\/v2\/posts\/232963\/revisions"}],"predecessor-version":[{"id":232965,"href":"https:\/\/radiostargjilan.com\/web\/wp-json\/wp\/v2\/posts\/232963\/revisions\/232965"}],"wp:featuredmedia":[{"embeddable":true,"href":"https:\/\/radiostargjilan.com\/web\/wp-json\/wp\/v2\/media\/232964"}],"wp:attachment":[{"href":"https:\/\/radiostargjilan.com\/web\/wp-json\/wp\/v2\/media?parent=232963"}],"wp:term":[{"taxonomy":"category","embeddable":true,"href":"https:\/\/radiostargjilan.com\/web\/wp-json\/wp\/v2\/categories?post=232963"},{"taxonomy":"post_tag","embeddable":true,"href":"https:\/\/radiostargjilan.com\/web\/wp-json\/wp\/v2\/tags?post=232963"}],"curies":[{"name":"wp","href":"https:\/\/api.w.org\/{rel}","templated":true}]}}