{"id":232966,"date":"2026-05-01T12:15:10","date_gmt":"2026-05-01T10:15:10","guid":{"rendered":"https:\/\/radiostargjilan.com\/web\/?p=232966"},"modified":"2026-05-01T12:15:10","modified_gmt":"2026-05-01T10:15:10","slug":"dita-e-punetoreve-ramush-haradinaj-standardi-i-jeteses-mbetet-nder-me-te-uletit-ne-rajon","status":"publish","type":"post","link":"https:\/\/radiostargjilan.com\/web\/dita-e-punetoreve-ramush-haradinaj-standardi-i-jeteses-mbetet-nder-me-te-uletit-ne-rajon\/","title":{"rendered":"Dita e pun\u00ebtor\u00ebve, Ramush Haradinaj: Standardi i jetes\u00ebs mbetet nd\u00ebr m\u00eb t\u00eb ul\u00ebtit n\u00eb rajon"},"content":{"rendered":"<p>Kryetari i Aleanc\u00ebs p\u00ebr Ardhm\u00ebrin\u00eb e Kosov\u00ebs Ramush Haradinaj, n\u00eb nj\u00eb postim n\u00eb Facebook ka shkruar se qeverit\u00eb e p\u00ebrgjegjshme duhet t\u00eb fokusohen n\u00eb p\u00ebrmir\u00ebsimin e kushteve t\u00eb pun\u00ebtor\u00ebve, duke kritikuar qeverin\u00eb aktuale.<\/p>\n<p>M\u00eb 1 Maj, Dit\u00ebs Nd\u00ebrkomb\u00ebgtare t\u00eb Pun\u00ebtor\u00ebve, Haradinaj thekson se qytetar\u00ebt aktualisht po p\u00ebrballen me paga t\u00eb ul\u00ebta, kosto t\u00eb lart\u00eb jetese dhe nj\u00eb standard ekonomik q\u00eb, sipas tij, mbetet nd\u00ebr m\u00eb t\u00eb ul\u00ebtit n\u00eb rajon.<\/p>\n<p>\u201cUrimi im p\u00ebr t\u00eb gjith\u00eb pun\u00ebtor\u00ebt e Republik\u00ebs s\u00eb Kosov\u00ebs n\u00eb k\u00ebt\u00eb 1 Maj \u00ebsht\u00eb q\u00eb t\u00eb vijn\u00eb dit\u00eb m\u00eb t\u00eb mira, me m\u00eb shum\u00eb dinjitet dhe mund\u00ebsi n\u00eb vendin e tyre\u201d, shkroi mes tjerash Haradinaj.<\/p>\n","protected":false},"excerpt":{"rendered":"<p>Kryetari i Aleanc\u00ebs p\u00ebr Ardhm\u00ebrin\u00eb e Kosov\u00ebs Ramush Haradinaj, n\u00eb nj\u00eb postim n\u00eb Facebook ka shkruar se qeverit\u00eb e p\u00ebrgjegjshme duhet t\u00eb fokusohen n\u00eb p\u00ebrmir\u00ebsimin e kushteve t\u00eb pun\u00ebtor\u00ebve, duke kritikuar qeverin\u00eb aktuale. M\u00eb 1 Maj, Dit\u00ebs Nd\u00ebrkomb\u00ebgtare t\u00eb Pun\u00ebtor\u00ebve, Haradinaj thekson se qytetar\u00ebt aktualisht po p\u00ebrballen me paga t\u00eb ul\u00ebta, kosto t\u00eb lart\u00eb jetese [&hellip;]<\/p>\n","protected":false},"author":1,"featured_media":232805,"comment_status":"closed","ping_status":"closed","sticky":false,"template":"","format":"standard","meta":{"footnotes":""},"categories":[5],"tags":[],"class_list":{"0":"post-232966","1":"post","2":"type-post","3":"status-publish","4":"format-standard","5":"has-post-thumbnail","7":"category-lajme"},"_links":{"self":[{"href":"https:\/\/radiostargjilan.com\/web\/wp-json\/wp\/v2\/posts\/232966","targetHints":{"allow":["GET"]}}],"collection":[{"href":"https:\/\/radiostargjilan.com\/web\/wp-json\/wp\/v2\/posts"}],"about":[{"href":"https:\/\/radiostargjilan.com\/web\/wp-json\/wp\/v2\/types\/post"}],"author":[{"embeddable":true,"href":"https:\/\/radiostargjilan.com\/web\/wp-json\/wp\/v2\/users\/1"}],"replies":[{"embeddable":true,"href":"https:\/\/radiostargjilan.com\/web\/wp-json\/wp\/v2\/comments?post=232966"}],"version-history":[{"count":1,"href":"https:\/\/radiostargjilan.com\/web\/wp-json\/wp\/v2\/posts\/232966\/revisions"}],"predecessor-version":[{"id":232967,"href":"https:\/\/radiostargjilan.com\/web\/wp-json\/wp\/v2\/posts\/232966\/revisions\/232967"}],"wp:featuredmedia":[{"embeddable":true,"href":"https:\/\/radiostargjilan.com\/web\/wp-json\/wp\/v2\/media\/232805"}],"wp:attachment":[{"href":"https:\/\/radiostargjilan.com\/web\/wp-json\/wp\/v2\/media?parent=232966"}],"wp:term":[{"taxonomy":"category","embeddable":true,"href":"https:\/\/radiostargjilan.com\/web\/wp-json\/wp\/v2\/categories?post=232966"},{"taxonomy":"post_tag","embeddable":true,"href":"https:\/\/radiostargjilan.com\/web\/wp-json\/wp\/v2\/tags?post=232966"}],"curies":[{"name":"wp","href":"https:\/\/api.w.org\/{rel}","templated":true}]}}