{"id":232968,"date":"2026-05-01T13:34:03","date_gmt":"2026-05-01T11:34:03","guid":{"rendered":"https:\/\/radiostargjilan.com\/web\/?p=232968"},"modified":"2026-05-01T13:34:03","modified_gmt":"2026-05-01T11:34:03","slug":"hyn-ne-fuqi-marreveshja-serish-levizje-e-lire-kufitare-mes-shqiperise-dhe-kosoves","status":"publish","type":"post","link":"https:\/\/radiostargjilan.com\/web\/hyn-ne-fuqi-marreveshja-serish-levizje-e-lire-kufitare-mes-shqiperise-dhe-kosoves\/","title":{"rendered":"Hyn n\u00eb fuqi marr\u00ebveshja, s\u00ebrish l\u00ebvizje e lir\u00eb kufitare mes Shqip\u00ebris\u00eb dhe Kosov\u00ebs"},"content":{"rendered":"<p>Ka hyr\u00eb k\u00ebt\u00eb t\u00eb premte n\u00eb fuqi s\u00ebrish marr\u00ebveshja p\u00ebr l\u00ebvizjen e lir\u00eb kufitare mes Kosov\u00ebs dhe Shqip\u00ebris\u00eb.<\/p>\n<p>Kjo marr\u00ebveshje do t\u00eb jet\u00eb aktive deri n\u00eb muajin tetor, nd\u00ebrsa pritet t\u00eb rip\u00ebrt\u00ebrihet edhe n\u00eb muajt dhjetor dhe janar, si dhe gjat\u00eb fundjavave.<\/p>\n<p>Ajo parashikon shmangien e q\u00ebndrimit t\u00eb automjeteve n\u00eb radh\u00eb n\u00eb kufi, si dhe leht\u00ebsimin e procedurave, ku kalimi b\u00ebhet pa kontroll t\u00eb detajuar t\u00eb let\u00ebrnjoftimeve apo pasaportave, p\u00ebrve\u00e7 rasteve t\u00eb dyshuara, raporton TCh.<\/p>\n<p>Zbatimi i saj ka shmangur pritjet e gjata n\u00eb kufi.<\/p>\n<p>Sipas t\u00eb dh\u00ebnave zyrtare, vet\u00ebm gjat\u00eb m\u00ebngjesit t\u00eb sot\u00ebm kan\u00eb hyr\u00eb n\u00eb territorin e Shqip\u00ebris\u00eb rreth 15 mij\u00eb shtetas, pjesa m\u00eb e madhe e t\u00eb cil\u00ebve vijn\u00eb nga Kosova.<\/p>\n<p>L\u00ebvizja e p\u00ebrshpejtuar ka v\u00ebn\u00eb n\u00eb funksion plot 11 sportele n\u00eb pik\u00ebn kufitare t\u00eb Morin\u00ebs, duke mund\u00ebsuar zbatimin pa pengesa t\u00eb marr\u00ebveshjes.<\/p>\n<p>Burime pran\u00eb k\u00ebsaj pike kufitare b\u00ebjn\u00eb me dije se gjat\u00eb 24 or\u00ebve t\u00eb fundit kan\u00eb kaluar rreth 37 mij\u00eb qytetar\u00eb, nga t\u00eb cil\u00ebt 25 mij\u00eb kan\u00eb hyr\u00eb n\u00eb territorin shqiptar.<\/p>\n","protected":false},"excerpt":{"rendered":"<p>Ka hyr\u00eb k\u00ebt\u00eb t\u00eb premte n\u00eb fuqi s\u00ebrish marr\u00ebveshja p\u00ebr l\u00ebvizjen e lir\u00eb kufitare mes Kosov\u00ebs dhe Shqip\u00ebris\u00eb. Kjo marr\u00ebveshje do t\u00eb jet\u00eb aktive deri n\u00eb muajin tetor, nd\u00ebrsa pritet t\u00eb rip\u00ebrt\u00ebrihet edhe n\u00eb muajt dhjetor dhe janar, si dhe gjat\u00eb fundjavave. Ajo parashikon shmangien e q\u00ebndrimit t\u00eb automjeteve n\u00eb radh\u00eb n\u00eb kufi, si dhe [&hellip;]<\/p>\n","protected":false},"author":1,"featured_media":232969,"comment_status":"closed","ping_status":"closed","sticky":false,"template":"","format":"standard","meta":{"footnotes":""},"categories":[5],"tags":[],"class_list":{"0":"post-232968","1":"post","2":"type-post","3":"status-publish","4":"format-standard","5":"has-post-thumbnail","7":"category-lajme"},"_links":{"self":[{"href":"https:\/\/radiostargjilan.com\/web\/wp-json\/wp\/v2\/posts\/232968","targetHints":{"allow":["GET"]}}],"collection":[{"href":"https:\/\/radiostargjilan.com\/web\/wp-json\/wp\/v2\/posts"}],"about":[{"href":"https:\/\/radiostargjilan.com\/web\/wp-json\/wp\/v2\/types\/post"}],"author":[{"embeddable":true,"href":"https:\/\/radiostargjilan.com\/web\/wp-json\/wp\/v2\/users\/1"}],"replies":[{"embeddable":true,"href":"https:\/\/radiostargjilan.com\/web\/wp-json\/wp\/v2\/comments?post=232968"}],"version-history":[{"count":1,"href":"https:\/\/radiostargjilan.com\/web\/wp-json\/wp\/v2\/posts\/232968\/revisions"}],"predecessor-version":[{"id":232970,"href":"https:\/\/radiostargjilan.com\/web\/wp-json\/wp\/v2\/posts\/232968\/revisions\/232970"}],"wp:featuredmedia":[{"embeddable":true,"href":"https:\/\/radiostargjilan.com\/web\/wp-json\/wp\/v2\/media\/232969"}],"wp:attachment":[{"href":"https:\/\/radiostargjilan.com\/web\/wp-json\/wp\/v2\/media?parent=232968"}],"wp:term":[{"taxonomy":"category","embeddable":true,"href":"https:\/\/radiostargjilan.com\/web\/wp-json\/wp\/v2\/categories?post=232968"},{"taxonomy":"post_tag","embeddable":true,"href":"https:\/\/radiostargjilan.com\/web\/wp-json\/wp\/v2\/tags?post=232968"}],"curies":[{"name":"wp","href":"https:\/\/api.w.org\/{rel}","templated":true}]}}