{"id":232971,"date":"2026-05-01T13:51:09","date_gmt":"2026-05-01T11:51:09","guid":{"rendered":"https:\/\/radiostargjilan.com\/web\/?p=232971"},"modified":"2026-05-01T13:51:09","modified_gmt":"2026-05-01T11:51:09","slug":"haziri-kurti-e-la-gjilanin-pa-investime-per-gjashte-vite-dhe-i-perdori-kuadrot-vetem-per-vota","status":"publish","type":"post","link":"https:\/\/radiostargjilan.com\/web\/haziri-kurti-e-la-gjilanin-pa-investime-per-gjashte-vite-dhe-i-perdori-kuadrot-vetem-per-vota\/","title":{"rendered":"Haziri: Kurti e la Gjilanin pa investime p\u00ebr gjasht\u00eb vite dhe i p\u00ebrdori kuadrot vet\u00ebm p\u00ebr vota"},"content":{"rendered":"<p>Ish-kryetari i Gjilanit dhe nj\u00ebherit n\u00ebnkryetari i LDK-s\u00eb, Lutfi Haziri, ka ngritur kritika t\u00eb ashpra ndaj qeverisjes s\u00eb Albin Kurtit, duke akuzuar p\u00ebr p\u00ebrjashtimin e Gjilanit nga investimet zhvillimore dhe p\u00ebr p\u00ebrdorimin e kuadrove vet\u00ebm p\u00ebr q\u00ebllime elektorale, pa p\u00ebrfshirje reale n\u00eb vendimmarrje.<\/p>\n<div class=\"iframely-embed\">\n<div class=\"iframely-responsive\" style=\"height: 140px; padding-bottom: 0;\"><a href=\"https:\/\/www.facebook.com\/hazirilutfi\/posts\/kurti-e-p%C3%ABrjashtoi-gjilanin-nga-investimet-k%C3%ABto-gjasht%C3%AB-vite-por-p%C3%ABrse-i-p%C3%ABrjash\/1542748147218506\/\" data-iframely-url=\"https:\/\/iframely.net\/sKtQYolH?theme=dark\"><\/a><\/div>\n<\/div>\n<p><script async src=\"https:\/\/iframely.net\/embed.js\"><\/script><\/p>\n","protected":false},"excerpt":{"rendered":"<p>Ish-kryetari i Gjilanit dhe nj\u00ebherit n\u00ebnkryetari i LDK-s\u00eb, Lutfi Haziri, ka ngritur kritika t\u00eb ashpra ndaj qeverisjes s\u00eb Albin Kurtit, duke akuzuar p\u00ebr p\u00ebrjashtimin e Gjilanit nga investimet zhvillimore dhe p\u00ebr p\u00ebrdorimin e kuadrove vet\u00ebm p\u00ebr q\u00ebllime elektorale, pa p\u00ebrfshirje reale n\u00eb vendimmarrje.<\/p>\n","protected":false},"author":1,"featured_media":232972,"comment_status":"closed","ping_status":"closed","sticky":false,"template":"","format":"standard","meta":{"footnotes":""},"categories":[5],"tags":[],"class_list":{"0":"post-232971","1":"post","2":"type-post","3":"status-publish","4":"format-standard","5":"has-post-thumbnail","7":"category-lajme"},"_links":{"self":[{"href":"https:\/\/radiostargjilan.com\/web\/wp-json\/wp\/v2\/posts\/232971","targetHints":{"allow":["GET"]}}],"collection":[{"href":"https:\/\/radiostargjilan.com\/web\/wp-json\/wp\/v2\/posts"}],"about":[{"href":"https:\/\/radiostargjilan.com\/web\/wp-json\/wp\/v2\/types\/post"}],"author":[{"embeddable":true,"href":"https:\/\/radiostargjilan.com\/web\/wp-json\/wp\/v2\/users\/1"}],"replies":[{"embeddable":true,"href":"https:\/\/radiostargjilan.com\/web\/wp-json\/wp\/v2\/comments?post=232971"}],"version-history":[{"count":1,"href":"https:\/\/radiostargjilan.com\/web\/wp-json\/wp\/v2\/posts\/232971\/revisions"}],"predecessor-version":[{"id":232973,"href":"https:\/\/radiostargjilan.com\/web\/wp-json\/wp\/v2\/posts\/232971\/revisions\/232973"}],"wp:featuredmedia":[{"embeddable":true,"href":"https:\/\/radiostargjilan.com\/web\/wp-json\/wp\/v2\/media\/232972"}],"wp:attachment":[{"href":"https:\/\/radiostargjilan.com\/web\/wp-json\/wp\/v2\/media?parent=232971"}],"wp:term":[{"taxonomy":"category","embeddable":true,"href":"https:\/\/radiostargjilan.com\/web\/wp-json\/wp\/v2\/categories?post=232971"},{"taxonomy":"post_tag","embeddable":true,"href":"https:\/\/radiostargjilan.com\/web\/wp-json\/wp\/v2\/tags?post=232971"}],"curies":[{"name":"wp","href":"https:\/\/api.w.org\/{rel}","templated":true}]}}