{"id":232974,"date":"2026-05-01T15:02:24","date_gmt":"2026-05-01T13:02:24","guid":{"rendered":"https:\/\/radiostargjilan.com\/web\/?p=232974"},"modified":"2026-05-01T15:02:24","modified_gmt":"2026-05-01T13:02:24","slug":"albin-kurti-ne-1-maj-rritem-pagat-mbeshtetem-punetoret-dhe-do-te-vazhdojme-me-politika-sociale","status":"publish","type":"post","link":"https:\/\/radiostargjilan.com\/web\/albin-kurti-ne-1-maj-rritem-pagat-mbeshtetem-punetoret-dhe-do-te-vazhdojme-me-politika-sociale\/","title":{"rendered":"Albin Kurti n\u00eb 1 Maj: Rrit\u00ebm pagat, mb\u00ebshtet\u00ebm pun\u00ebtor\u00ebt dhe do t\u00eb vazhdojm\u00eb me politika sociale"},"content":{"rendered":"<p>Kryeministri n\u00eb detyr\u00eb i Kosov\u00ebs, Albin Kurti ka publikuar nj\u00eb mesazh me rastin e Dita Nd\u00ebrkomb\u00ebtare e Pun\u00ebtor\u00ebve, duke vler\u00ebsuar rolin e pun\u00ebtor\u00ebve n\u00eb nd\u00ebrtimin dhe zhvillimin e vendit, si dhe duke theksuar politikat e qeveris\u00eb s\u00eb tij n\u00eb mb\u00ebshtetje t\u00eb tyre.<\/p>\n<p>N\u00eb deklarat\u00ebn e tij, Kurti rikujtoi origjin\u00ebn historike t\u00eb 1 Majit, q\u00eb lidhet me protestat e vitit 1886 n\u00eb Chicago p\u00ebr orarin tet\u00ebor\u00ebsh t\u00eb pun\u00ebs, duke theksuar se t\u00eb drejtat e sotme t\u00eb pun\u00ebtor\u00ebve jan\u00eb rezultat i sakrificave t\u00eb m\u00ebdha.<\/p>\n<p>Ai n\u00ebnvizoi se t\u00eb drejtat e pun\u00ebtor\u00ebve po p\u00ebrballen me sfida t\u00eb reja globale, si rritja e pun\u00ebsimit afatshkurt\u00ebr, zhvillimi i platformave digjitale dhe ndikimi i automatizimit, duke shtuar se k\u00ebto zhvillime reflektohen edhe n\u00eb Kosov\u00eb.<\/p>\n<p>Duke folur p\u00ebr veprimet konkrete t\u00eb qeveris\u00eb, Kurti p\u00ebrmendi rritjen e pag\u00ebs minimale nga 170 n\u00eb 425 euro, me nj\u00eb rritje t\u00eb planifikuar n\u00eb 500 euro nga 1 korriku. Ai theksoi gjithashtu vendosjen e pag\u00ebs s\u00eb 13-t\u00eb p\u00ebr sektorin publik dhe zgjerimin e programit \u201cSuperpuna\u201d, p\u00ebrmes t\u00eb cilit jan\u00eb pun\u00ebsuar mbi 23 mij\u00eb t\u00eb rinj.<\/p>\n<p>N\u00eb fjalimin e tij, ai p\u00ebrmendi edhe rritjen e pensioneve nga 90 n\u00eb 150 euro, mb\u00ebshtetjen p\u00ebr familjet dhe grat\u00eb n\u00eb tregun e pun\u00ebs, si dhe miratimin e projektligjit p\u00ebr sigurime sh\u00ebndet\u00ebsore universale.<\/p>\n<p>Kurti kritikoi opozit\u00ebn p\u00ebr bllokimin e nj\u00eb pakete ekonomike prej 200 milion\u00eb eurosh p\u00ebr p\u00ebrballimin e inflacionit, duke theksuar se qytetar\u00ebt do t\u00eb gjykojn\u00eb p\u00ebr k\u00ebto vendime.<\/p>\n<p>N\u00eb p\u00ebrfundim, ai deklaroi se qeveria do t\u00eb vazhdoj\u00eb t\u00eb angazhohet p\u00ebr p\u00ebrmir\u00ebsimin e kushteve t\u00eb pun\u00ebtor\u00ebve dhe rritjen e standardit t\u00eb jetes\u00ebs n\u00eb vend, duke uruar qytetar\u00ebt p\u00ebr 1 Majin.<\/p>\n","protected":false},"excerpt":{"rendered":"<p>Kryeministri n\u00eb detyr\u00eb i Kosov\u00ebs, Albin Kurti ka publikuar nj\u00eb mesazh me rastin e Dita Nd\u00ebrkomb\u00ebtare e Pun\u00ebtor\u00ebve, duke vler\u00ebsuar rolin e pun\u00ebtor\u00ebve n\u00eb nd\u00ebrtimin dhe zhvillimin e vendit, si dhe duke theksuar politikat e qeveris\u00eb s\u00eb tij n\u00eb mb\u00ebshtetje t\u00eb tyre. N\u00eb deklarat\u00ebn e tij, Kurti rikujtoi origjin\u00ebn historike t\u00eb 1 Majit, q\u00eb lidhet [&hellip;]<\/p>\n","protected":false},"author":1,"featured_media":232975,"comment_status":"closed","ping_status":"closed","sticky":false,"template":"","format":"standard","meta":{"footnotes":""},"categories":[5],"tags":[],"class_list":{"0":"post-232974","1":"post","2":"type-post","3":"status-publish","4":"format-standard","5":"has-post-thumbnail","7":"category-lajme"},"_links":{"self":[{"href":"https:\/\/radiostargjilan.com\/web\/wp-json\/wp\/v2\/posts\/232974","targetHints":{"allow":["GET"]}}],"collection":[{"href":"https:\/\/radiostargjilan.com\/web\/wp-json\/wp\/v2\/posts"}],"about":[{"href":"https:\/\/radiostargjilan.com\/web\/wp-json\/wp\/v2\/types\/post"}],"author":[{"embeddable":true,"href":"https:\/\/radiostargjilan.com\/web\/wp-json\/wp\/v2\/users\/1"}],"replies":[{"embeddable":true,"href":"https:\/\/radiostargjilan.com\/web\/wp-json\/wp\/v2\/comments?post=232974"}],"version-history":[{"count":1,"href":"https:\/\/radiostargjilan.com\/web\/wp-json\/wp\/v2\/posts\/232974\/revisions"}],"predecessor-version":[{"id":232976,"href":"https:\/\/radiostargjilan.com\/web\/wp-json\/wp\/v2\/posts\/232974\/revisions\/232976"}],"wp:featuredmedia":[{"embeddable":true,"href":"https:\/\/radiostargjilan.com\/web\/wp-json\/wp\/v2\/media\/232975"}],"wp:attachment":[{"href":"https:\/\/radiostargjilan.com\/web\/wp-json\/wp\/v2\/media?parent=232974"}],"wp:term":[{"taxonomy":"category","embeddable":true,"href":"https:\/\/radiostargjilan.com\/web\/wp-json\/wp\/v2\/categories?post=232974"},{"taxonomy":"post_tag","embeddable":true,"href":"https:\/\/radiostargjilan.com\/web\/wp-json\/wp\/v2\/tags?post=232974"}],"curies":[{"name":"wp","href":"https:\/\/api.w.org\/{rel}","templated":true}]}}