{"id":232981,"date":"2026-05-01T18:22:01","date_gmt":"2026-05-01T16:22:01","guid":{"rendered":"https:\/\/radiostargjilan.com\/web\/?p=232981"},"modified":"2026-05-01T18:22:01","modified_gmt":"2026-05-01T16:22:01","slug":"12-maji-afati-i-fundit-per-dorezimin-e-listave-te-kandidateve-per-deputete","status":"publish","type":"post","link":"https:\/\/radiostargjilan.com\/web\/12-maji-afati-i-fundit-per-dorezimin-e-listave-te-kandidateve-per-deputete\/","title":{"rendered":"12 maji afati i fundit p\u00ebr dor\u00ebzimin e listave t\u00eb kandidat\u00ebve p\u00ebr deputet\u00eb"},"content":{"rendered":"<p>Komisioni Qendror Zgjedhor (KQZ) ka miratuar planin kohor p\u00ebr aktivitetet zgjedhore p\u00ebr zgjedhjet e parakohshme p\u00ebr Kuvendin e Republik\u00ebs s\u00eb Kosov\u00ebs, t\u00eb dat\u00ebs 07.06.2026.<\/p>\n<p>Sipas k\u00ebtij plani kohor, nga sot, m\u00eb 01.05.2026 deri m\u00eb 07.05.2026 \u00ebsht\u00eb afati i partive politike t\u00eb regjistruara n\u00eb KQZ p\u00ebr deklarim p\u00ebr pjes\u00ebmarrje apo mos-pjes\u00ebmarrje n\u00eb zgjedhje.<\/p>\n<p>N\u00eb k\u00ebt\u00eb periudh\u00eb kohore n\u00eb KQZ duhet t\u00eb deklarohen edhe koalicionet e partive politike.<\/p>\n<p>Nga data 02.05.2026 deri n\u00eb 10.05.2026, KQZ ka caktuar afatin p\u00ebr certifikimin e partive t\u00eb reja p\u00ebr zgjedhjet q\u00eb do t\u00eb mbahen m\u00eb 07.06.2026.<\/p>\n<p>Fushata zgjedhore do t\u00eb nis m\u00eb 28.05.2026 dhe do t\u00eb zgjas deri m\u00ebngjesin e 07.06.2026.<\/p>\n<p>Periudha e dor\u00ebzimit t\u00eb list\u00ebs s\u00eb kandidat\u00ebve p\u00ebr deputet\u00eb nga partit\u00eb do t\u00eb realizohet nga data 02.05.2026 deri m\u00eb 12.05.2026.<\/p>\n<p>Nd\u00ebrsa periudha e regjistrimit p\u00ebr votuesit jasht\u00eb Kosov\u00ebs do t\u00eb nis nga data 06.05.2026 e do t\u00eb zgjas deri m\u00eb 17.05.2026 nd\u00ebrkaq votimi p\u00ebrmes post\u00ebs do t\u00eb nis nga data 25.05.2026 deri m\u00eb 06.06.2026.<\/p>\n","protected":false},"excerpt":{"rendered":"<p>Komisioni Qendror Zgjedhor (KQZ) ka miratuar planin kohor p\u00ebr aktivitetet zgjedhore p\u00ebr zgjedhjet e parakohshme p\u00ebr Kuvendin e Republik\u00ebs s\u00eb Kosov\u00ebs, t\u00eb dat\u00ebs 07.06.2026. Sipas k\u00ebtij plani kohor, nga sot, m\u00eb 01.05.2026 deri m\u00eb 07.05.2026 \u00ebsht\u00eb afati i partive politike t\u00eb regjistruara n\u00eb KQZ p\u00ebr deklarim p\u00ebr pjes\u00ebmarrje apo mos-pjes\u00ebmarrje n\u00eb zgjedhje. N\u00eb k\u00ebt\u00eb periudh\u00eb [&hellip;]<\/p>\n","protected":false},"author":1,"featured_media":232389,"comment_status":"closed","ping_status":"closed","sticky":false,"template":"","format":"standard","meta":{"footnotes":""},"categories":[5],"tags":[],"class_list":{"0":"post-232981","1":"post","2":"type-post","3":"status-publish","4":"format-standard","5":"has-post-thumbnail","7":"category-lajme"},"_links":{"self":[{"href":"https:\/\/radiostargjilan.com\/web\/wp-json\/wp\/v2\/posts\/232981","targetHints":{"allow":["GET"]}}],"collection":[{"href":"https:\/\/radiostargjilan.com\/web\/wp-json\/wp\/v2\/posts"}],"about":[{"href":"https:\/\/radiostargjilan.com\/web\/wp-json\/wp\/v2\/types\/post"}],"author":[{"embeddable":true,"href":"https:\/\/radiostargjilan.com\/web\/wp-json\/wp\/v2\/users\/1"}],"replies":[{"embeddable":true,"href":"https:\/\/radiostargjilan.com\/web\/wp-json\/wp\/v2\/comments?post=232981"}],"version-history":[{"count":1,"href":"https:\/\/radiostargjilan.com\/web\/wp-json\/wp\/v2\/posts\/232981\/revisions"}],"predecessor-version":[{"id":232982,"href":"https:\/\/radiostargjilan.com\/web\/wp-json\/wp\/v2\/posts\/232981\/revisions\/232982"}],"wp:featuredmedia":[{"embeddable":true,"href":"https:\/\/radiostargjilan.com\/web\/wp-json\/wp\/v2\/media\/232389"}],"wp:attachment":[{"href":"https:\/\/radiostargjilan.com\/web\/wp-json\/wp\/v2\/media?parent=232981"}],"wp:term":[{"taxonomy":"category","embeddable":true,"href":"https:\/\/radiostargjilan.com\/web\/wp-json\/wp\/v2\/categories?post=232981"},{"taxonomy":"post_tag","embeddable":true,"href":"https:\/\/radiostargjilan.com\/web\/wp-json\/wp\/v2\/tags?post=232981"}],"curies":[{"name":"wp","href":"https:\/\/api.w.org\/{rel}","templated":true}]}}