{"id":232985,"date":"2026-05-01T19:47:03","date_gmt":"2026-05-01T17:47:03","guid":{"rendered":"https:\/\/radiostargjilan.com\/web\/?p=232985"},"modified":"2026-05-01T19:47:03","modified_gmt":"2026-05-01T17:47:03","slug":"konjufca-e-mirepret-rezoluten-amerikane-per-kosoven-ne-nato","status":"publish","type":"post","link":"https:\/\/radiostargjilan.com\/web\/konjufca-e-mirepret-rezoluten-amerikane-per-kosoven-ne-nato\/","title":{"rendered":"Konjufca e mir\u00ebpret rezolut\u00ebn amerikane p\u00ebr Kosov\u00ebn n\u00eb NATO"},"content":{"rendered":"<p>Kreydiplomati n\u00eb detyr\u00eb i Kosov\u00ebs, Glauk Konjufca ka mir\u00ebpritur rezolut\u00ebn e tre kongresist\u00ebve amerikan\u00eb e cila mb\u00ebshtet an\u00ebtar\u00ebsimin e Kosov\u00ebs n\u00eb NATO.<\/p>\n<p>Ai mes tjerash e cil\u00ebsoi k\u00ebt\u00eb nism\u00eb si hap t\u00eb r\u00ebnd\u00ebsish\u00ebm p\u00ebr sigurin\u00eb rajonale.<\/p>\n<p>\u201cE mir\u00ebpres prezantimin e rezolut\u00ebs dypartiake n\u00eb Dhom\u00ebn e P\u00ebrfaq\u00ebsuesve t\u00eb SHBA-s\u00eb n\u00eb mb\u00ebshtetje t\u00eb an\u00ebtar\u00ebsimit t\u00eb Kosov\u00ebs n\u00eb NATO, dhe i fal\u00ebnderoj kongresist\u00ebt Keith Self, Ritchie Torres dhe Mike Lawler p\u00ebr mb\u00ebshtetjen dhe p\u00ebrkushtimin e tyre t\u00eb vazhduesh\u00ebm p\u00ebr sigurin\u00eb n\u00eb Ballkanin Per\u00ebndimor\u201d.<\/p>\n<p>\u201cKosova \u00ebsht\u00eb e gatshme t\u00eb kontribuoj\u00eb n\u00eb sigurin\u00eb e rajonit dhe t\u00eb komunitetit transatlantik\u201d, ka th\u00ebn\u00eb Konjufca p\u00ebrmes nj\u00eb njoftimi n\u00eb X.<\/p>\n","protected":false},"excerpt":{"rendered":"<p>Kreydiplomati n\u00eb detyr\u00eb i Kosov\u00ebs, Glauk Konjufca ka mir\u00ebpritur rezolut\u00ebn e tre kongresist\u00ebve amerikan\u00eb e cila mb\u00ebshtet an\u00ebtar\u00ebsimin e Kosov\u00ebs n\u00eb NATO. Ai mes tjerash e cil\u00ebsoi k\u00ebt\u00eb nism\u00eb si hap t\u00eb r\u00ebnd\u00ebsish\u00ebm p\u00ebr sigurin\u00eb rajonale. \u201cE mir\u00ebpres prezantimin e rezolut\u00ebs dypartiake n\u00eb Dhom\u00ebn e P\u00ebrfaq\u00ebsuesve t\u00eb SHBA-s\u00eb n\u00eb mb\u00ebshtetje t\u00eb an\u00ebtar\u00ebsimit t\u00eb Kosov\u00ebs n\u00eb [&hellip;]<\/p>\n","protected":false},"author":1,"featured_media":232986,"comment_status":"closed","ping_status":"closed","sticky":false,"template":"","format":"standard","meta":{"footnotes":""},"categories":[5],"tags":[],"class_list":{"0":"post-232985","1":"post","2":"type-post","3":"status-publish","4":"format-standard","5":"has-post-thumbnail","7":"category-lajme"},"_links":{"self":[{"href":"https:\/\/radiostargjilan.com\/web\/wp-json\/wp\/v2\/posts\/232985","targetHints":{"allow":["GET"]}}],"collection":[{"href":"https:\/\/radiostargjilan.com\/web\/wp-json\/wp\/v2\/posts"}],"about":[{"href":"https:\/\/radiostargjilan.com\/web\/wp-json\/wp\/v2\/types\/post"}],"author":[{"embeddable":true,"href":"https:\/\/radiostargjilan.com\/web\/wp-json\/wp\/v2\/users\/1"}],"replies":[{"embeddable":true,"href":"https:\/\/radiostargjilan.com\/web\/wp-json\/wp\/v2\/comments?post=232985"}],"version-history":[{"count":1,"href":"https:\/\/radiostargjilan.com\/web\/wp-json\/wp\/v2\/posts\/232985\/revisions"}],"predecessor-version":[{"id":232987,"href":"https:\/\/radiostargjilan.com\/web\/wp-json\/wp\/v2\/posts\/232985\/revisions\/232987"}],"wp:featuredmedia":[{"embeddable":true,"href":"https:\/\/radiostargjilan.com\/web\/wp-json\/wp\/v2\/media\/232986"}],"wp:attachment":[{"href":"https:\/\/radiostargjilan.com\/web\/wp-json\/wp\/v2\/media?parent=232985"}],"wp:term":[{"taxonomy":"category","embeddable":true,"href":"https:\/\/radiostargjilan.com\/web\/wp-json\/wp\/v2\/categories?post=232985"},{"taxonomy":"post_tag","embeddable":true,"href":"https:\/\/radiostargjilan.com\/web\/wp-json\/wp\/v2\/tags?post=232985"}],"curies":[{"name":"wp","href":"https:\/\/api.w.org\/{rel}","templated":true}]}}