{"id":232988,"date":"2026-05-01T20:07:52","date_gmt":"2026-05-01T18:07:52","guid":{"rendered":"https:\/\/radiostargjilan.com\/web\/?p=232988"},"modified":"2026-05-01T20:07:52","modified_gmt":"2026-05-01T18:07:52","slug":"osmani-falenderon-kongresmenet-amerikane-per-mbeshtetjen-e-kosoves-drejt-nato-s","status":"publish","type":"post","link":"https:\/\/radiostargjilan.com\/web\/osmani-falenderon-kongresmenet-amerikane-per-mbeshtetjen-e-kosoves-drejt-nato-s\/","title":{"rendered":"Osmani fal\u00ebnderon kongresmen\u00ebt amerikan\u00eb p\u00ebr mb\u00ebshtetjen e Kosov\u00ebs drejt NATO-s"},"content":{"rendered":"<p>Ish-presidentja e Kosov\u00ebs, Vjosa Osmani, ka shprehur mir\u00ebnjohjen e saj ndaj kongresmen\u00ebve amerikan\u00eb q\u00eb kan\u00eb inicuar nj\u00eb rezolut\u00eb n\u00eb Dhom\u00ebn e P\u00ebrfaq\u00ebsuesve p\u00ebr t\u00eb p\u00ebrkrahur integrimin e Kosov\u00ebs drejt NATO-s.<\/p>\n<p>\u201cLiria e Kosov\u00ebs u krijua s\u00eb bashku me Shtetet e Bashkuara. Sot, Forca e Siguris\u00eb s\u00eb Kosov\u00ebs q\u00ebndron si nj\u00eb forc\u00eb mbrojt\u00ebse e nd\u00ebrveprueshme me NATO-n, e nd\u00ebrtuar krah p\u00ebr krah me Forcat e Armatosura t\u00eb SHBA-s\u00eb. Me udh\u00ebheqjen dhe partneritetin e Amerik\u00ebs, Kosova duhet t\u00eb p\u00ebrparoj\u00eb n\u00eb m\u00ebnyr\u00eb t\u00eb q\u00ebndrueshme dhe t\u00eb sigurt drejt vendit t\u00eb saj t\u00eb merituar n\u00eb NATO\u201d, ka shkruar Osmani.<\/p>\n<div class=\"jeg_ad jeg_ad_article jnews_content_inline_ads  \">\n<div class=\"ads-wrapper align-center \"><\/div>\n<\/div>\n<p>Ajo gjithashtu ka theksuar r\u00ebnd\u00ebsin\u00eb strategjike t\u00eb bashk\u00ebpunimit p\u00ebr paqen dhe stabilitetin n\u00eb rajon:<\/p>\n<p>\u201cKy \u00ebsht\u00eb nj\u00eb angazhim strategjik i p\u00ebrbashk\u00ebt dhe i fort\u00eb, si shk\u00ebmb, dhe nj\u00eb imperativ p\u00ebr paqen, sigurin\u00eb dhe stabilitetin p\u00ebr t\u00eb gjith\u00eb Ballkanin Per\u00ebndimor dhe p\u00ebr Evrop\u00ebn n\u00eb p\u00ebrgjith\u00ebsi. Kosova n\u00eb NATO p\u00ebrparon si interesat tona, ashtu edhe interesat amerikane n\u00eb kontinentin evropian\u201d, ka shtuar Osmani.<\/p>\n<div class=\"twitter-tweet twitter-tweet-rendered\"><iframe id=\"twitter-widget-0\" class=\"\" title=\"X Post\" src=\"https:\/\/platform.twitter.com\/embed\/Tweet.html?dnt=false&amp;embedId=twitter-widget-0&amp;features=eyJ0ZndfdGltZWxpbmVfbGlzdCI6eyJidWNrZXQiOltdLCJ2ZXJzaW9uIjpudWxsfSwidGZ3X2ZvbGxvd2VyX2NvdW50X3N1bnNldCI6eyJidWNrZXQiOnRydWUsInZlcnNpb24iOm51bGx9LCJ0ZndfdHdlZXRfZWRpdF9iYWNrZW5kIjp7ImJ1Y2tldCI6Im9uIiwidmVyc2lvbiI6bnVsbH0sInRmd19yZWZzcmNfc2Vzc2lvbiI6eyJidWNrZXQiOiJvbiIsInZlcnNpb24iOm51bGx9LCJ0ZndfZm9zbnJfc29mdF9pbnRlcnZlbnRpb25zX2VuYWJsZWQiOnsiYnVja2V0Ijoib24iLCJ2ZXJzaW9uIjpudWxsfSwidGZ3X21peGVkX21lZGlhXzE1ODk3Ijp7ImJ1Y2tldCI6InRyZWF0bWVudCIsInZlcnNpb24iOm51bGx9LCJ0ZndfZXhwZXJpbWVudHNfY29va2llX2V4cGlyYXRpb24iOnsiYnVja2V0IjoxMjA5NjAwLCJ2ZXJzaW9uIjpudWxsfSwidGZ3X3Nob3dfYmlyZHdhdGNoX3Bpdm90c19lbmFibGVkIjp7ImJ1Y2tldCI6Im9uIiwidmVyc2lvbiI6bnVsbH0sInRmd19kdXBsaWNhdGVfc2NyaWJlc190b19zZXR0aW5ncyI6eyJidWNrZXQiOiJvbiIsInZlcnNpb24iOm51bGx9LCJ0ZndfdXNlX3Byb2ZpbGVfaW1hZ2Vfc2hhcGVfZW5hYmxlZCI6eyJidWNrZXQiOiJvbiIsInZlcnNpb24iOm51bGx9LCJ0ZndfdmlkZW9faGxzX2R5bmFtaWNfbWFuaWZlc3RzXzE1MDgyIjp7ImJ1Y2tldCI6InRydWVfYml0cmF0ZSIsInZlcnNpb24iOm51bGx9LCJ0ZndfbGVnYWN5X3RpbWVsaW5lX3N1bnNldCI6eyJidWNrZXQiOnRydWUsInZlcnNpb24iOm51bGx9LCJ0ZndfdHdlZXRfZWRpdF9mcm9udGVuZCI6eyJidWNrZXQiOiJvbiIsInZlcnNpb24iOm51bGx9fQ%3D%3D&amp;frame=false&amp;hideCard=false&amp;hideThread=false&amp;id=2050161718391705628&amp;lang=en&amp;origin=https%3A%2F%2Fteve1.info%2Fosmani-falenderon-kongresmenet-amerikane-per-mbeshtetjen-e-kosoves-drejt-nato-s%2F&amp;sessionId=faf0de85b782e2a9138f5c0d341ddb632d8f3a87&amp;theme=light&amp;widgetsVersion=2615f7e52b7e0%3A1702314776716&amp;width=550px\" frameborder=\"0\" scrolling=\"no\" allowfullscreen=\"allowfullscreen\" data-tweet-id=\"2050161718391705628\"><\/iframe><\/div>\n<p>&nbsp;<\/p>\n","protected":false},"excerpt":{"rendered":"<p>Ish-presidentja e Kosov\u00ebs, Vjosa Osmani, ka shprehur mir\u00ebnjohjen e saj ndaj kongresmen\u00ebve amerikan\u00eb q\u00eb kan\u00eb inicuar nj\u00eb rezolut\u00eb n\u00eb Dhom\u00ebn e P\u00ebrfaq\u00ebsuesve p\u00ebr t\u00eb p\u00ebrkrahur integrimin e Kosov\u00ebs drejt NATO-s. \u201cLiria e Kosov\u00ebs u krijua s\u00eb bashku me Shtetet e Bashkuara. Sot, Forca e Siguris\u00eb s\u00eb Kosov\u00ebs q\u00ebndron si nj\u00eb forc\u00eb mbrojt\u00ebse e nd\u00ebrveprueshme me [&hellip;]<\/p>\n","protected":false},"author":1,"featured_media":232989,"comment_status":"closed","ping_status":"closed","sticky":false,"template":"","format":"standard","meta":{"footnotes":""},"categories":[5],"tags":[],"class_list":{"0":"post-232988","1":"post","2":"type-post","3":"status-publish","4":"format-standard","5":"has-post-thumbnail","7":"category-lajme"},"_links":{"self":[{"href":"https:\/\/radiostargjilan.com\/web\/wp-json\/wp\/v2\/posts\/232988","targetHints":{"allow":["GET"]}}],"collection":[{"href":"https:\/\/radiostargjilan.com\/web\/wp-json\/wp\/v2\/posts"}],"about":[{"href":"https:\/\/radiostargjilan.com\/web\/wp-json\/wp\/v2\/types\/post"}],"author":[{"embeddable":true,"href":"https:\/\/radiostargjilan.com\/web\/wp-json\/wp\/v2\/users\/1"}],"replies":[{"embeddable":true,"href":"https:\/\/radiostargjilan.com\/web\/wp-json\/wp\/v2\/comments?post=232988"}],"version-history":[{"count":1,"href":"https:\/\/radiostargjilan.com\/web\/wp-json\/wp\/v2\/posts\/232988\/revisions"}],"predecessor-version":[{"id":232990,"href":"https:\/\/radiostargjilan.com\/web\/wp-json\/wp\/v2\/posts\/232988\/revisions\/232990"}],"wp:featuredmedia":[{"embeddable":true,"href":"https:\/\/radiostargjilan.com\/web\/wp-json\/wp\/v2\/media\/232989"}],"wp:attachment":[{"href":"https:\/\/radiostargjilan.com\/web\/wp-json\/wp\/v2\/media?parent=232988"}],"wp:term":[{"taxonomy":"category","embeddable":true,"href":"https:\/\/radiostargjilan.com\/web\/wp-json\/wp\/v2\/categories?post=232988"},{"taxonomy":"post_tag","embeddable":true,"href":"https:\/\/radiostargjilan.com\/web\/wp-json\/wp\/v2\/tags?post=232988"}],"curies":[{"name":"wp","href":"https:\/\/api.w.org\/{rel}","templated":true}]}}