{"id":232994,"date":"2026-05-01T22:13:07","date_gmt":"2026-05-01T20:13:07","guid":{"rendered":"https:\/\/radiostargjilan.com\/web\/?p=232994"},"modified":"2026-05-01T22:13:07","modified_gmt":"2026-05-01T20:13:07","slug":"arrestohet-ish-keshilltari-i-albin-kurtit-pas-postimeve-ne-facebook-per-imam-te-bik-ut","status":"publish","type":"post","link":"https:\/\/radiostargjilan.com\/web\/arrestohet-ish-keshilltari-i-albin-kurtit-pas-postimeve-ne-facebook-per-imam-te-bik-ut\/","title":{"rendered":"Arrestohet ish-k\u00ebshilltari i Albin Kurtit pas postimeve n\u00eb Facebook p\u00ebr imam t\u00eb BIK-ut"},"content":{"rendered":"<p>Durim Berisha, ish- k\u00ebshilltari i kryeministrit Albin Kurti \u00ebsht\u00eb ndaluar p\u00ebr 48 or\u00eb nga Policia e Kosov\u00ebs.<\/p>\n<p>Rastin e ka konfirmuar avokat i Berish\u00ebs, Ngadhnjim Makolli.<\/p>\n<p>Makolli ka treguar se Berisha u denoncua nga imami i BIK-ut, ndaj t\u00eb cilit Berisha kishte hedhur disa akuza n\u00eb disa statuse n\u00eb profilin personal n\u00eb Facebook.<\/p>\n","protected":false},"excerpt":{"rendered":"<p>Durim Berisha, ish- k\u00ebshilltari i kryeministrit Albin Kurti \u00ebsht\u00eb ndaluar p\u00ebr 48 or\u00eb nga Policia e Kosov\u00ebs. Rastin e ka konfirmuar avokat i Berish\u00ebs, Ngadhnjim Makolli. Makolli ka treguar se Berisha u denoncua nga imami i BIK-ut, ndaj t\u00eb cilit Berisha kishte hedhur disa akuza n\u00eb disa statuse n\u00eb profilin personal n\u00eb Facebook.<\/p>\n","protected":false},"author":1,"featured_media":232995,"comment_status":"closed","ping_status":"closed","sticky":false,"template":"","format":"standard","meta":{"footnotes":""},"categories":[5],"tags":[],"class_list":{"0":"post-232994","1":"post","2":"type-post","3":"status-publish","4":"format-standard","5":"has-post-thumbnail","7":"category-lajme"},"_links":{"self":[{"href":"https:\/\/radiostargjilan.com\/web\/wp-json\/wp\/v2\/posts\/232994","targetHints":{"allow":["GET"]}}],"collection":[{"href":"https:\/\/radiostargjilan.com\/web\/wp-json\/wp\/v2\/posts"}],"about":[{"href":"https:\/\/radiostargjilan.com\/web\/wp-json\/wp\/v2\/types\/post"}],"author":[{"embeddable":true,"href":"https:\/\/radiostargjilan.com\/web\/wp-json\/wp\/v2\/users\/1"}],"replies":[{"embeddable":true,"href":"https:\/\/radiostargjilan.com\/web\/wp-json\/wp\/v2\/comments?post=232994"}],"version-history":[{"count":1,"href":"https:\/\/radiostargjilan.com\/web\/wp-json\/wp\/v2\/posts\/232994\/revisions"}],"predecessor-version":[{"id":232996,"href":"https:\/\/radiostargjilan.com\/web\/wp-json\/wp\/v2\/posts\/232994\/revisions\/232996"}],"wp:featuredmedia":[{"embeddable":true,"href":"https:\/\/radiostargjilan.com\/web\/wp-json\/wp\/v2\/media\/232995"}],"wp:attachment":[{"href":"https:\/\/radiostargjilan.com\/web\/wp-json\/wp\/v2\/media?parent=232994"}],"wp:term":[{"taxonomy":"category","embeddable":true,"href":"https:\/\/radiostargjilan.com\/web\/wp-json\/wp\/v2\/categories?post=232994"},{"taxonomy":"post_tag","embeddable":true,"href":"https:\/\/radiostargjilan.com\/web\/wp-json\/wp\/v2\/tags?post=232994"}],"curies":[{"name":"wp","href":"https:\/\/api.w.org\/{rel}","templated":true}]}}