{"id":232997,"date":"2026-05-01T22:40:43","date_gmt":"2026-05-01T20:40:43","guid":{"rendered":"https:\/\/radiostargjilan.com\/web\/?p=232997"},"modified":"2026-05-01T22:40:43","modified_gmt":"2026-05-01T20:40:43","slug":"kenan-halimi-triumfon-ndaj-ps-center-alban-hyseni-pergezon-organizimin","status":"publish","type":"post","link":"https:\/\/radiostargjilan.com\/web\/kenan-halimi-triumfon-ndaj-ps-center-alban-hyseni-pergezon-organizimin\/","title":{"rendered":"\u201cKenan Halimi\u201d triumfon ndaj \u201cPS Center\u201d, Alban Hyseni p\u00ebrg\u00ebzon organizimin"},"content":{"rendered":"<p>N\u00eb kuad\u00ebr t\u00eb manifestimit tradicional \u201cDit\u00ebt e Agimit\u201d, i organizuar n\u00eb nderim t\u00eb heroit komb\u00ebtar Agim Ramadani, sonte u zhvillua finalja e madhe e turneut, e cila solli emocione, atmosfer\u00eb festive dhe nivel t\u00eb lart\u00eb gare sportive.<\/p>\n<p>N\u00ebn simbolik\u00ebn e \u201cFlakadanit t\u00eb Liris\u00eb\u201d, ekipi \u201cKenan Halimi\u201d u shpall kampion pas nj\u00eb paraqitjeje mbres\u00ebl\u00ebn\u00ebse n\u00eb finale, duke triumfuar ndaj ekipit \u201cPS Center\u201d me rezultatin 3:1.<\/p>\n<p>Ndeshja finale u karakterizua nga rivaliteti sportiv, organizimi i mir\u00eb dhe pjes\u00ebmarrja e madhe e qytetar\u00ebve, t\u00eb cil\u00ebt krijuan nj\u00eb atmosfer\u00eb t\u00eb ve\u00e7ant\u00eb n\u00eb kujtim t\u00eb vepr\u00ebs dhe sakrific\u00ebs s\u00eb Agim Ramadanit.<\/p>\n<p>Kryetari i Komun\u00ebs s\u00eb Gjilanit, Alban Hyseni, p\u00ebrg\u00ebzoi ekipin fitues p\u00ebr suksesin e arritur, nd\u00ebrsa vler\u00ebsoi lart edhe organizator\u00ebt p\u00ebr realizimin e nj\u00eb aktiviteti dinjitoz dhe me r\u00ebnd\u00ebsi p\u00ebr komunitetin.<\/p>\n<p>Ai theksoi se aktivitete t\u00eb tilla sportive dhe kulturore sh\u00ebrbejn\u00eb p\u00ebr t\u00eb ruajtur frym\u00ebn e bashkimit, respektit dhe kujtes\u00ebs p\u00ebr figurat q\u00eb dhan\u00eb kontribut p\u00ebr lirin\u00eb e vendit.<\/p>\n<p>N\u00eb p\u00ebrfundim, u ndan\u00eb mir\u00ebnjohje dhe u p\u00ebrcoll\u00ebn mesazhe fal\u00ebnderimi p\u00ebr t\u00eb gjith\u00eb pjes\u00ebmarr\u00ebsit dhe kontribuuesit e k\u00ebtij organizimi.\/Radio Star\/<\/p>\n","protected":false},"excerpt":{"rendered":"<p>N\u00eb kuad\u00ebr t\u00eb manifestimit tradicional \u201cDit\u00ebt e Agimit\u201d, i organizuar n\u00eb nderim t\u00eb heroit komb\u00ebtar Agim Ramadani, sonte u zhvillua finalja e madhe e turneut, e cila solli emocione, atmosfer\u00eb festive dhe nivel t\u00eb lart\u00eb gare sportive. N\u00ebn simbolik\u00ebn e \u201cFlakadanit t\u00eb Liris\u00eb\u201d, ekipi \u201cKenan Halimi\u201d u shpall kampion pas nj\u00eb paraqitjeje mbres\u00ebl\u00ebn\u00ebse n\u00eb finale, [&hellip;]<\/p>\n","protected":false},"author":1,"featured_media":232999,"comment_status":"closed","ping_status":"closed","sticky":false,"template":"","format":"standard","meta":{"footnotes":""},"categories":[5],"tags":[],"class_list":{"0":"post-232997","1":"post","2":"type-post","3":"status-publish","4":"format-standard","5":"has-post-thumbnail","7":"category-lajme"},"_links":{"self":[{"href":"https:\/\/radiostargjilan.com\/web\/wp-json\/wp\/v2\/posts\/232997","targetHints":{"allow":["GET"]}}],"collection":[{"href":"https:\/\/radiostargjilan.com\/web\/wp-json\/wp\/v2\/posts"}],"about":[{"href":"https:\/\/radiostargjilan.com\/web\/wp-json\/wp\/v2\/types\/post"}],"author":[{"embeddable":true,"href":"https:\/\/radiostargjilan.com\/web\/wp-json\/wp\/v2\/users\/1"}],"replies":[{"embeddable":true,"href":"https:\/\/radiostargjilan.com\/web\/wp-json\/wp\/v2\/comments?post=232997"}],"version-history":[{"count":1,"href":"https:\/\/radiostargjilan.com\/web\/wp-json\/wp\/v2\/posts\/232997\/revisions"}],"predecessor-version":[{"id":233000,"href":"https:\/\/radiostargjilan.com\/web\/wp-json\/wp\/v2\/posts\/232997\/revisions\/233000"}],"wp:featuredmedia":[{"embeddable":true,"href":"https:\/\/radiostargjilan.com\/web\/wp-json\/wp\/v2\/media\/232999"}],"wp:attachment":[{"href":"https:\/\/radiostargjilan.com\/web\/wp-json\/wp\/v2\/media?parent=232997"}],"wp:term":[{"taxonomy":"category","embeddable":true,"href":"https:\/\/radiostargjilan.com\/web\/wp-json\/wp\/v2\/categories?post=232997"},{"taxonomy":"post_tag","embeddable":true,"href":"https:\/\/radiostargjilan.com\/web\/wp-json\/wp\/v2\/tags?post=232997"}],"curies":[{"name":"wp","href":"https:\/\/api.w.org\/{rel}","templated":true}]}}