{"id":233002,"date":"2026-05-02T08:34:50","date_gmt":"2026-05-02T06:34:50","guid":{"rendered":"https:\/\/radiostargjilan.com\/web\/?p=233002"},"modified":"2026-05-02T08:34:50","modified_gmt":"2026-05-02T06:34:50","slug":"moti-sot-mbi-vendin-tone-19","status":"publish","type":"post","link":"https:\/\/radiostargjilan.com\/web\/moti-sot-mbi-vendin-tone-19\/","title":{"rendered":"Moti sot mbi vendin ton\u00eb"},"content":{"rendered":"<p>T\u00eb shtun\u00ebn, moti do t\u00eb jet\u00eb i vran\u00ebt, me periudha t\u00eb shkurtra me diell.<\/p>\n<p>Vran\u00ebsira do t\u00eb ket\u00eb n\u00eb disa pjes\u00eb t\u00eb territorit, sidomos n\u00eb per\u00ebndim dhe veri-per\u00ebndim, ku priten riga shiu.<\/p>\n<p>Temperaturat minimale do t\u00eb luhaten nga 0 deri n\u00eb 3 grad\u00eb Celsius, nd\u00ebrsa ato maksimale do t\u00eb variojn\u00eb nga 14 deri n\u00eb 17 grad\u00eb.<\/p>\n<p>Er\u00ebra t\u00eb lehta do t\u00eb fryjn\u00eb kryesisht nga veri-lindja me shpejt\u00ebsi prej 1 deri n\u00eb 6 m\/s<\/p>\n","protected":false},"excerpt":{"rendered":"<p>T\u00eb shtun\u00ebn, moti do t\u00eb jet\u00eb i vran\u00ebt, me periudha t\u00eb shkurtra me diell. Vran\u00ebsira do t\u00eb ket\u00eb n\u00eb disa pjes\u00eb t\u00eb territorit, sidomos n\u00eb per\u00ebndim dhe veri-per\u00ebndim, ku priten riga shiu. Temperaturat minimale do t\u00eb luhaten nga 0 deri n\u00eb 3 grad\u00eb Celsius, nd\u00ebrsa ato maksimale do t\u00eb variojn\u00eb nga 14 deri n\u00eb 17 [&hellip;]<\/p>\n","protected":false},"author":1,"featured_media":233003,"comment_status":"closed","ping_status":"closed","sticky":false,"template":"","format":"standard","meta":{"footnotes":""},"categories":[5],"tags":[],"class_list":{"0":"post-233002","1":"post","2":"type-post","3":"status-publish","4":"format-standard","5":"has-post-thumbnail","7":"category-lajme"},"_links":{"self":[{"href":"https:\/\/radiostargjilan.com\/web\/wp-json\/wp\/v2\/posts\/233002","targetHints":{"allow":["GET"]}}],"collection":[{"href":"https:\/\/radiostargjilan.com\/web\/wp-json\/wp\/v2\/posts"}],"about":[{"href":"https:\/\/radiostargjilan.com\/web\/wp-json\/wp\/v2\/types\/post"}],"author":[{"embeddable":true,"href":"https:\/\/radiostargjilan.com\/web\/wp-json\/wp\/v2\/users\/1"}],"replies":[{"embeddable":true,"href":"https:\/\/radiostargjilan.com\/web\/wp-json\/wp\/v2\/comments?post=233002"}],"version-history":[{"count":1,"href":"https:\/\/radiostargjilan.com\/web\/wp-json\/wp\/v2\/posts\/233002\/revisions"}],"predecessor-version":[{"id":233004,"href":"https:\/\/radiostargjilan.com\/web\/wp-json\/wp\/v2\/posts\/233002\/revisions\/233004"}],"wp:featuredmedia":[{"embeddable":true,"href":"https:\/\/radiostargjilan.com\/web\/wp-json\/wp\/v2\/media\/233003"}],"wp:attachment":[{"href":"https:\/\/radiostargjilan.com\/web\/wp-json\/wp\/v2\/media?parent=233002"}],"wp:term":[{"taxonomy":"category","embeddable":true,"href":"https:\/\/radiostargjilan.com\/web\/wp-json\/wp\/v2\/categories?post=233002"},{"taxonomy":"post_tag","embeddable":true,"href":"https:\/\/radiostargjilan.com\/web\/wp-json\/wp\/v2\/tags?post=233002"}],"curies":[{"name":"wp","href":"https:\/\/api.w.org\/{rel}","templated":true}]}}