{"id":233010,"date":"2026-05-02T10:37:13","date_gmt":"2026-05-02T08:37:13","guid":{"rendered":"https:\/\/radiostargjilan.com\/web\/?p=233010"},"modified":"2026-05-02T10:37:13","modified_gmt":"2026-05-02T08:37:13","slug":"trump-njofton-kongresin-lufta-me-iranin-ka-perfunduar","status":"publish","type":"post","link":"https:\/\/radiostargjilan.com\/web\/trump-njofton-kongresin-lufta-me-iranin-ka-perfunduar\/","title":{"rendered":"Trump njofton Kongresin: Lufta me Iranin \u201cka p\u00ebrfunduar\u201d"},"content":{"rendered":"<p>Presidenti i ShBA-s\u00eb, Donald Trump, i njoftoi ligjv\u00ebn\u00ebsit t\u00eb premten se lufta me Iranin ka \u201cp\u00ebrfunduar\u201d \u2013 nj\u00eb p\u00ebrpjekje p\u00ebr t\u00eb shuar debatin mbi nevoj\u00ebn q\u00eb Kongresi t\u00eb miratoj\u00eb konfliktin.<\/p>\n<p>Sht\u00ebpia e Bardh\u00eb e paraqiti arsyetimin e saj n\u00eb nj\u00eb let\u00ebr, t\u00eb siguruar nga POLITICO, nd\u00ebrsa konflikti n\u00eb Lindjen e Mesme arriti nj\u00eb afat ligjor prej 60 dit\u00ebsh sipas t\u00eb cilit operacionet duhet t\u00eb ndalen n\u00ebse ligjv\u00ebn\u00ebsit nuk autorizojn\u00eb forc\u00ebn ushtarake. Nj\u00eb arm\u00ebpushim me Teheranin, argumentoi Trump, n\u00eb fakt e ndal koh\u00ebn.<\/p>\n<p>Letra synon t\u00eb parandaloj\u00eb nj\u00eb betej\u00eb n\u00eb rritje n\u00eb Capitol Hill, ku Trump p\u00ebrballet me mund\u00ebsin\u00eb e humbjes s\u00eb mb\u00ebshtetjes s\u00eb republikan\u00ebve, raporton Politico, transmeton Klankosova.tv.<\/p>\n<p>Por arsyetimi i Sht\u00ebpis\u00eb s\u00eb Bardh\u00eb nuk do t\u2019u p\u00eblqej\u00eb demokrat\u00ebve dhe disa republikan\u00ebve, t\u00eb cil\u00ebt argumentojn\u00eb se administrata duhet ta nd\u00ebrpres\u00eb fushat\u00ebn tani q\u00eb ka arritur at\u00eb pik\u00eb referimi.<\/p>\n<p>\u201cNuk ka pasur shk\u00ebmbim zjarri midis Shteteve t\u00eb Bashkuara dhe Iranit q\u00eb nga 7 prilli 2026\u201d, shkroi Trump, duke v\u00ebn\u00eb n\u00eb dukje nj\u00eb arm\u00ebpushim q\u00eb ai e ka zgjatur p\u00ebr nj\u00eb koh\u00eb t\u00eb pacaktuar.<\/p>\n<p>\u201cArmiq\u00ebsit\u00eb q\u00eb filluan m\u00eb 28 shkurt 2026, kan\u00eb p\u00ebrfunduar\u201d, shtoi ai.<\/p>\n<p>Letra vjen gjithashtu n\u00eb mes t\u00eb bisedimeve t\u00eb ngecura dhe nj\u00eb bllokade ushtarake t\u00eb vazhdueshme t\u00eb porteve iraniane.<\/p>\n<p>Presidenti u tha gazetar\u00ebve p\u00ebrpara se t\u00eb largohej nga Sht\u00ebpia e Bardh\u00eb p\u00ebr n\u00eb Florida t\u00eb premten se i kishte dh\u00ebn\u00eb Iranit \u201cnj\u00eb propozim p\u00ebrfundimtar\u201d, por shprehu pesimiz\u00ebm p\u00ebr mund\u00ebsin\u00eb e arritjes s\u00eb nj\u00eb marr\u00ebveshjeje me qeverin\u00eb, si\u00e7 e quajti ai \u201ct\u00eb shk\u00ebputur\u201d t\u00eb vendit.<\/p>\n","protected":false},"excerpt":{"rendered":"<p>Presidenti i ShBA-s\u00eb, Donald Trump, i njoftoi ligjv\u00ebn\u00ebsit t\u00eb premten se lufta me Iranin ka \u201cp\u00ebrfunduar\u201d \u2013 nj\u00eb p\u00ebrpjekje p\u00ebr t\u00eb shuar debatin mbi nevoj\u00ebn q\u00eb Kongresi t\u00eb miratoj\u00eb konfliktin. Sht\u00ebpia e Bardh\u00eb e paraqiti arsyetimin e saj n\u00eb nj\u00eb let\u00ebr, t\u00eb siguruar nga POLITICO, nd\u00ebrsa konflikti n\u00eb Lindjen e Mesme arriti nj\u00eb afat ligjor [&hellip;]<\/p>\n","protected":false},"author":1,"featured_media":233011,"comment_status":"closed","ping_status":"closed","sticky":false,"template":"","format":"standard","meta":{"footnotes":""},"categories":[5],"tags":[],"class_list":{"0":"post-233010","1":"post","2":"type-post","3":"status-publish","4":"format-standard","5":"has-post-thumbnail","7":"category-lajme"},"_links":{"self":[{"href":"https:\/\/radiostargjilan.com\/web\/wp-json\/wp\/v2\/posts\/233010","targetHints":{"allow":["GET"]}}],"collection":[{"href":"https:\/\/radiostargjilan.com\/web\/wp-json\/wp\/v2\/posts"}],"about":[{"href":"https:\/\/radiostargjilan.com\/web\/wp-json\/wp\/v2\/types\/post"}],"author":[{"embeddable":true,"href":"https:\/\/radiostargjilan.com\/web\/wp-json\/wp\/v2\/users\/1"}],"replies":[{"embeddable":true,"href":"https:\/\/radiostargjilan.com\/web\/wp-json\/wp\/v2\/comments?post=233010"}],"version-history":[{"count":1,"href":"https:\/\/radiostargjilan.com\/web\/wp-json\/wp\/v2\/posts\/233010\/revisions"}],"predecessor-version":[{"id":233012,"href":"https:\/\/radiostargjilan.com\/web\/wp-json\/wp\/v2\/posts\/233010\/revisions\/233012"}],"wp:featuredmedia":[{"embeddable":true,"href":"https:\/\/radiostargjilan.com\/web\/wp-json\/wp\/v2\/media\/233011"}],"wp:attachment":[{"href":"https:\/\/radiostargjilan.com\/web\/wp-json\/wp\/v2\/media?parent=233010"}],"wp:term":[{"taxonomy":"category","embeddable":true,"href":"https:\/\/radiostargjilan.com\/web\/wp-json\/wp\/v2\/categories?post=233010"},{"taxonomy":"post_tag","embeddable":true,"href":"https:\/\/radiostargjilan.com\/web\/wp-json\/wp\/v2\/tags?post=233010"}],"curies":[{"name":"wp","href":"https:\/\/api.w.org\/{rel}","templated":true}]}}