{"id":233059,"date":"2026-05-03T08:30:16","date_gmt":"2026-05-03T06:30:16","guid":{"rendered":"https:\/\/radiostargjilan.com\/web\/?p=233059"},"modified":"2026-05-03T08:30:16","modified_gmt":"2026-05-03T06:30:16","slug":"moti-sot-mbi-vendin-tone-20","status":"publish","type":"post","link":"https:\/\/radiostargjilan.com\/web\/moti-sot-mbi-vendin-tone-20\/","title":{"rendered":"Moti sot mbi vendin ton\u00eb"},"content":{"rendered":"<p>T\u00eb diel\u00ebn parashihet t\u00eb mbaj\u00eb mot me diell dhe vran\u00ebsira t\u00eb shp\u00ebrndara.<\/p>\n<p>Sipas Institutit Hidrometeorologjik t\u00eb Kosov\u00ebs, temperaturat minimale do t\u00eb l\u00ebvizin nga 0 deri n\u00eb 3 grad\u00eb, nd\u00ebrsa ato maksimalet do t\u00eb arrijn\u00eb n\u00eb 17 grad\u00eb.<\/p>\n<p>Nd\u00ebr t\u00eb tjera b\u00ebhet e ditur se do t\u00eb fryj\u00eb er\u00eb nga veriper\u00ebndimi, e leht\u00eb deri mesatare<\/p>\n","protected":false},"excerpt":{"rendered":"<p>T\u00eb diel\u00ebn parashihet t\u00eb mbaj\u00eb mot me diell dhe vran\u00ebsira t\u00eb shp\u00ebrndara. Sipas Institutit Hidrometeorologjik t\u00eb Kosov\u00ebs, temperaturat minimale do t\u00eb l\u00ebvizin nga 0 deri n\u00eb 3 grad\u00eb, nd\u00ebrsa ato maksimalet do t\u00eb arrijn\u00eb n\u00eb 17 grad\u00eb. Nd\u00ebr t\u00eb tjera b\u00ebhet e ditur se do t\u00eb fryj\u00eb er\u00eb nga veriper\u00ebndimi, e leht\u00eb deri mesatare<\/p>\n","protected":false},"author":1,"featured_media":233003,"comment_status":"closed","ping_status":"closed","sticky":false,"template":"","format":"standard","meta":{"footnotes":""},"categories":[5],"tags":[],"class_list":{"0":"post-233059","1":"post","2":"type-post","3":"status-publish","4":"format-standard","5":"has-post-thumbnail","7":"category-lajme"},"_links":{"self":[{"href":"https:\/\/radiostargjilan.com\/web\/wp-json\/wp\/v2\/posts\/233059","targetHints":{"allow":["GET"]}}],"collection":[{"href":"https:\/\/radiostargjilan.com\/web\/wp-json\/wp\/v2\/posts"}],"about":[{"href":"https:\/\/radiostargjilan.com\/web\/wp-json\/wp\/v2\/types\/post"}],"author":[{"embeddable":true,"href":"https:\/\/radiostargjilan.com\/web\/wp-json\/wp\/v2\/users\/1"}],"replies":[{"embeddable":true,"href":"https:\/\/radiostargjilan.com\/web\/wp-json\/wp\/v2\/comments?post=233059"}],"version-history":[{"count":1,"href":"https:\/\/radiostargjilan.com\/web\/wp-json\/wp\/v2\/posts\/233059\/revisions"}],"predecessor-version":[{"id":233060,"href":"https:\/\/radiostargjilan.com\/web\/wp-json\/wp\/v2\/posts\/233059\/revisions\/233060"}],"wp:featuredmedia":[{"embeddable":true,"href":"https:\/\/radiostargjilan.com\/web\/wp-json\/wp\/v2\/media\/233003"}],"wp:attachment":[{"href":"https:\/\/radiostargjilan.com\/web\/wp-json\/wp\/v2\/media?parent=233059"}],"wp:term":[{"taxonomy":"category","embeddable":true,"href":"https:\/\/radiostargjilan.com\/web\/wp-json\/wp\/v2\/categories?post=233059"},{"taxonomy":"post_tag","embeddable":true,"href":"https:\/\/radiostargjilan.com\/web\/wp-json\/wp\/v2\/tags?post=233059"}],"curies":[{"name":"wp","href":"https:\/\/api.w.org\/{rel}","templated":true}]}}