{"id":233063,"date":"2026-05-03T09:13:59","date_gmt":"2026-05-03T07:13:59","guid":{"rendered":"https:\/\/radiostargjilan.com\/web\/?p=233063"},"modified":"2026-05-03T09:13:59","modified_gmt":"2026-05-03T07:13:59","slug":"u-ankuam-dhe-u-ndeshkuam-14-police-ne-gjilan-pretendojne-degradim-pas-akuzave-ndaj-mbikeqyresit","status":"publish","type":"post","link":"https:\/\/radiostargjilan.com\/web\/u-ankuam-dhe-u-ndeshkuam-14-police-ne-gjilan-pretendojne-degradim-pas-akuzave-ndaj-mbikeqyresit\/","title":{"rendered":"\u201cU ANKUAM DHE U ND\u00cbSHKUAM\u201d 14 polic\u00eb n\u00eb Gjilan pretendojn\u00eb degradim pas akuzave ndaj mbik\u00ebqyr\u00ebsit"},"content":{"rendered":"<p>14 polic\u00eb t\u00eb Stacionit t\u00eb Gjilanit kan\u00eb ngritur ankesa ndaj rreshterit Bulent Zenuni p\u00ebr favorizime, ofendime dhe abuzim me autoritetin, duke pretenduar se pas ankesave jan\u00eb degraduar dhe transferuar nd\u00ebshkuesh\u00ebm.<\/p>\n<p>14 ankesa t\u00eb ndara nga zyrtar\u00eb policor\u00eb t\u00eb Stacionit t\u00eb Gjilanit jan\u00eb drejtuar te strukturat komanduese t\u00eb Drejtoris\u00eb Rajonale t\u00eb Policis\u00eb n\u00eb Gjilan.<\/p>\n<p>N\u00eb to, mbik\u00ebqyr\u00ebsi i nd\u00ebrrimit, Bulent Zenuni, akuzohet p\u00ebr favorizim t\u00eb zyrtar\u00ebve t\u00eb caktuar n\u00eb ndarjen e detyrave dhe pozitave, ndikim personal n\u00eb vendimmarrje dhe krijim t\u00eb grupeve brenda nd\u00ebrrimit \u2013 madje edhe p\u00ebr ofendime t\u00eb r\u00ebnda ndaj disa zyrtar\u00ebve policor\u00eb.<\/p>\n<p>VOX Kosova ka siguruar t\u00eb gjitha ankesat, por p\u00ebr shkak t\u00eb ruajtjes s\u00eb konfidencialitetit t\u00eb zyrtar\u00ebve policor\u00eb, ato nuk do t\u00eb publikohen t\u00eb plota.<\/p>\n<p>\u201cTruri yt \u00ebsht\u00eb shum\u00eb i vog\u00ebl dhe nuk do t\u00eb rritet m\u00eb shum\u00eb\u201d \u2013 me k\u00ebto fjal\u00eb, sipas nj\u00eb ankese, Zenuni u drejtohej disa polic\u00ebve gjat\u00eb mbledhjeve.<\/p>\n<p>Nj\u00eb tjet\u00ebr polic e akuzon Zenunin se ka krijuar grupacione t\u00eb brendshme, duke favorizuar disa zyrtar\u00eb policor\u00eb t\u00eb caktuar.<\/p>\n<p>Nj\u00eb polici madje i thoshte: \u201cTi nuk je polic, nuk do t\u00eb b\u00ebhesh kurr\u00eb polic dhe me ty nuk do t\u00eb jem kurr\u00eb i drejt\u00eb\u201d.<\/p>\n<p>Por, n\u00eb vend q\u00eb t\u00eb nisin procedura p\u00ebr hetimin dhe analizimin e k\u00ebtyre akuzave, zyrtar\u00ebve policor\u00eb q\u00eb pat\u00ebn guximin t\u00eb ankohen u \u00ebsht\u00eb kthyer edhe m\u00eb keq.<\/p>\n<p>Secili prej tyre, t\u00eb 14-tit, u degraduan n\u00eb forma t\u00eb ndryshme.<\/p>\n<p>Nj\u00eb zyrtar policor u transferua nga nd\u00ebrrimi B n\u00eb task-forc\u00ebn e stacionit.<\/p>\n<p>Nj\u00eb tjet\u00ebr nga nd\u00ebrrimi B n\u00eb nd\u00ebrrimin C.<\/p>\n<p>Disa t\u00eb tjer\u00eb nga Gjilani jan\u00eb transferuar n\u00eb n\u00ebnstacione, si n\u00eb Zheg\u00ebr e Viti.<\/p>\n<p>Kjo p\u00ebr ta n\u00ebnkupton m\u00eb pak or\u00eb shtes\u00eb dhe, rrjedhimisht, m\u00eb pak t\u00eb hyra n\u00eb pag\u00eb.<\/p>\n<p>VOX Kosova ka pyetur rreshterin Bulent Zenuni p\u00ebr ankesat n\u00eb drejtim t\u00eb tij, por ai nuk \u00ebsht\u00eb p\u00ebrgjigjur.<\/p>\n<p>Kjo nuk \u00ebsht\u00eb hera e par\u00eb q\u00eb ai p\u00ebrdor autoritetin e tij p\u00ebr t\u00eb degraduar zyrtar\u00eb policor\u00eb.<\/p>\n<p>N\u00eb vitin 2024, Zenuni e transferoi policin Jeton Daku nga stacioni n\u00eb Gjilan n\u00eb n\u00ebnstacionin n\u00eb Zheg\u00ebr, vet\u00ebm pse i nj\u00ebjti e kishte gjobitur n\u00eb trafik prokurorin Agron Uka.<\/p>\n<p>M\u00eb pas, Inspektorati Policor e ktheu policin Daku n\u00eb detyr\u00ebn e m\u00ebparshme n\u00eb Gjilan.<\/p>\n<p>P\u00ebr m\u00eb tep\u00ebr, rreshteri Bulent Zenuni ishte arrestuar n\u00eb vitin 2016 n\u00ebn dyshimet p\u00ebr dallavere me toka. Rasti kishte p\u00ebrfunduar pa aktakuz\u00eb dhe, si rezultat, ai ishte kthyer n\u00eb detyr\u00eb.<\/p>\n<p>Inspektorati Policor i Kosov\u00ebs, n\u00eb nj\u00eb p\u00ebrgjigje p\u00ebr VOX Kosova, tha se nuk kan\u00eb pranuar asnj\u00eb ankes\u00eb ndaj rreshterit Zenuni.<\/p>\n<p>N\u00eb fakt, Inspektorati tregoi se tek ta u deponua nj\u00eb ankes\u00eb nga Bulent Zenuni ndaj zyrtar\u00ebve tjer\u00eb policor\u00eb \u2013 pik\u00ebrisht p\u00ebr k\u00ebta q\u00eb u ankuan n\u00eb Gjilan p\u00ebr t\u00eb.<\/p>\n<p>E nj\u00ebjta ankes\u00eb, thuhet nga IPK-ja, \u00ebsht\u00eb d\u00ebrguar p\u00ebr hetim disiplinor n\u00eb Departamentin e Hetimeve t\u00eb Brendshme n\u00eb Policin\u00eb e Kosov\u00ebs.\/voxkosova\/<\/p>\n","protected":false},"excerpt":{"rendered":"<p>14 polic\u00eb t\u00eb Stacionit t\u00eb Gjilanit kan\u00eb ngritur ankesa ndaj rreshterit Bulent Zenuni p\u00ebr favorizime, ofendime dhe abuzim me autoritetin, duke pretenduar se pas ankesave jan\u00eb degraduar dhe transferuar nd\u00ebshkuesh\u00ebm. 14 ankesa t\u00eb ndara nga zyrtar\u00eb policor\u00eb t\u00eb Stacionit t\u00eb Gjilanit jan\u00eb drejtuar te strukturat komanduese t\u00eb Drejtoris\u00eb Rajonale t\u00eb Policis\u00eb n\u00eb Gjilan. N\u00eb to, [&hellip;]<\/p>\n","protected":false},"author":1,"featured_media":233064,"comment_status":"closed","ping_status":"closed","sticky":false,"template":"","format":"standard","meta":{"footnotes":""},"categories":[5],"tags":[],"class_list":{"0":"post-233063","1":"post","2":"type-post","3":"status-publish","4":"format-standard","5":"has-post-thumbnail","7":"category-lajme"},"_links":{"self":[{"href":"https:\/\/radiostargjilan.com\/web\/wp-json\/wp\/v2\/posts\/233063","targetHints":{"allow":["GET"]}}],"collection":[{"href":"https:\/\/radiostargjilan.com\/web\/wp-json\/wp\/v2\/posts"}],"about":[{"href":"https:\/\/radiostargjilan.com\/web\/wp-json\/wp\/v2\/types\/post"}],"author":[{"embeddable":true,"href":"https:\/\/radiostargjilan.com\/web\/wp-json\/wp\/v2\/users\/1"}],"replies":[{"embeddable":true,"href":"https:\/\/radiostargjilan.com\/web\/wp-json\/wp\/v2\/comments?post=233063"}],"version-history":[{"count":1,"href":"https:\/\/radiostargjilan.com\/web\/wp-json\/wp\/v2\/posts\/233063\/revisions"}],"predecessor-version":[{"id":233065,"href":"https:\/\/radiostargjilan.com\/web\/wp-json\/wp\/v2\/posts\/233063\/revisions\/233065"}],"wp:featuredmedia":[{"embeddable":true,"href":"https:\/\/radiostargjilan.com\/web\/wp-json\/wp\/v2\/media\/233064"}],"wp:attachment":[{"href":"https:\/\/radiostargjilan.com\/web\/wp-json\/wp\/v2\/media?parent=233063"}],"wp:term":[{"taxonomy":"category","embeddable":true,"href":"https:\/\/radiostargjilan.com\/web\/wp-json\/wp\/v2\/categories?post=233063"},{"taxonomy":"post_tag","embeddable":true,"href":"https:\/\/radiostargjilan.com\/web\/wp-json\/wp\/v2\/tags?post=233063"}],"curies":[{"name":"wp","href":"https:\/\/api.w.org\/{rel}","templated":true}]}}