{"id":233078,"date":"2026-05-03T16:27:46","date_gmt":"2026-05-03T14:27:46","guid":{"rendered":"https:\/\/radiostargjilan.com\/web\/?p=233078"},"modified":"2026-05-03T16:27:46","modified_gmt":"2026-05-03T14:27:46","slug":"aktori-shqiptar-ridvan-murati-triumfon-ne-zvicer-heldin-shpallet-filmi-me-i-mire-ne-prix-walo","status":"publish","type":"post","link":"https:\/\/radiostargjilan.com\/web\/aktori-shqiptar-ridvan-murati-triumfon-ne-zvicer-heldin-shpallet-filmi-me-i-mire-ne-prix-walo\/","title":{"rendered":"Aktori shqiptar Ridvan Murati triumfon n\u00eb Zvic\u00ebr: \u201cHELDIN\u201d shpallet Filmi m\u00eb i Mir\u00eb n\u00eb Prix Walo"},"content":{"rendered":"<p>Aktori shqiptar Ridvan Murati ka sh\u00ebnuar nj\u00eb tjet\u00ebr sukses t\u00eb r\u00ebnd\u00ebsish\u00ebm n\u00eb karrier\u00ebn e tij artistike, pasi filmi \u201cHELDIN\u201d u shpall \u201cFilmi m\u00eb i Mir\u00eb n\u00eb Zvic\u00ebr\u201d n\u00eb edicionin jubilar t\u00eb 50-vjetorit t\u00eb Prix Walo.<\/p>\n<p>Gjat\u00eb ceremonis\u00eb prestigjioze, Ridvan Murati u ngjit n\u00eb sken\u00eb s\u00eb bashku me producentin Lukas Hobi p\u00ebr t\u00eb pranuar \u00e7mimin, i cili konsiderohet nd\u00ebr vler\u00ebsimet m\u00eb t\u00eb r\u00ebnd\u00ebsishme n\u00eb industrin\u00eb zvicerane t\u00eb filmit dhe artit.<\/p>\n<p>N\u00eb fjal\u00ebn e tij emocionuese, aktori fal\u00ebnderoi t\u00eb gjith\u00eb ekipin realizues, bashk\u00ebpun\u00ebtor\u00ebt, familjen dhe miqt\u00eb p\u00ebr mb\u00ebshtetjen e vazhdueshme.<\/p>\n<p>\u201cIshte nj\u00eb k\u00ebnaq\u00ebsi dhe nder i ve\u00e7ant\u00eb t\u00eb jem n\u00eb sken\u00eb s\u00eb bashku me t\u00eb gjith\u00eb fituesit e tjer\u00eb. Fal\u00ebnderoj gjith\u00eb ekipin, familjen dhe miqt\u00eb q\u00eb gjithmon\u00eb m\u00eb kan\u00eb q\u00ebndruar pran\u00eb\u201d, u shpreh Ridvan Murati pas marrjes s\u00eb \u00e7mimit.<\/p>\n<p>Filmi \u201cHELDIN\u201d po konsiderohet nj\u00eb nga projektet m\u00eb t\u00eb suksesshme t\u00eb vitit n\u00eb Zvic\u00ebr, duke marr\u00eb vler\u00ebsime t\u00eb shumta si nga publiku ashtu edhe nga kritika profesionale.\/Radio Star\/<\/p>\n","protected":false},"excerpt":{"rendered":"<p>Aktori shqiptar Ridvan Murati ka sh\u00ebnuar nj\u00eb tjet\u00ebr sukses t\u00eb r\u00ebnd\u00ebsish\u00ebm n\u00eb karrier\u00ebn e tij artistike, pasi filmi \u201cHELDIN\u201d u shpall \u201cFilmi m\u00eb i Mir\u00eb n\u00eb Zvic\u00ebr\u201d n\u00eb edicionin jubilar t\u00eb 50-vjetorit t\u00eb Prix Walo. Gjat\u00eb ceremonis\u00eb prestigjioze, Ridvan Murati u ngjit n\u00eb sken\u00eb s\u00eb bashku me producentin Lukas Hobi p\u00ebr t\u00eb pranuar \u00e7mimin, i [&hellip;]<\/p>\n","protected":false},"author":1,"featured_media":233079,"comment_status":"closed","ping_status":"closed","sticky":false,"template":"","format":"standard","meta":{"footnotes":""},"categories":[5],"tags":[],"class_list":{"0":"post-233078","1":"post","2":"type-post","3":"status-publish","4":"format-standard","5":"has-post-thumbnail","7":"category-lajme"},"_links":{"self":[{"href":"https:\/\/radiostargjilan.com\/web\/wp-json\/wp\/v2\/posts\/233078","targetHints":{"allow":["GET"]}}],"collection":[{"href":"https:\/\/radiostargjilan.com\/web\/wp-json\/wp\/v2\/posts"}],"about":[{"href":"https:\/\/radiostargjilan.com\/web\/wp-json\/wp\/v2\/types\/post"}],"author":[{"embeddable":true,"href":"https:\/\/radiostargjilan.com\/web\/wp-json\/wp\/v2\/users\/1"}],"replies":[{"embeddable":true,"href":"https:\/\/radiostargjilan.com\/web\/wp-json\/wp\/v2\/comments?post=233078"}],"version-history":[{"count":1,"href":"https:\/\/radiostargjilan.com\/web\/wp-json\/wp\/v2\/posts\/233078\/revisions"}],"predecessor-version":[{"id":233081,"href":"https:\/\/radiostargjilan.com\/web\/wp-json\/wp\/v2\/posts\/233078\/revisions\/233081"}],"wp:featuredmedia":[{"embeddable":true,"href":"https:\/\/radiostargjilan.com\/web\/wp-json\/wp\/v2\/media\/233079"}],"wp:attachment":[{"href":"https:\/\/radiostargjilan.com\/web\/wp-json\/wp\/v2\/media?parent=233078"}],"wp:term":[{"taxonomy":"category","embeddable":true,"href":"https:\/\/radiostargjilan.com\/web\/wp-json\/wp\/v2\/categories?post=233078"},{"taxonomy":"post_tag","embeddable":true,"href":"https:\/\/radiostargjilan.com\/web\/wp-json\/wp\/v2\/tags?post=233078"}],"curies":[{"name":"wp","href":"https:\/\/api.w.org\/{rel}","templated":true}]}}