{"id":233080,"date":"2026-05-03T16:28:11","date_gmt":"2026-05-03T14:28:11","guid":{"rendered":"https:\/\/radiostargjilan.com\/web\/?p=233080"},"modified":"2026-05-03T16:28:11","modified_gmt":"2026-05-03T14:28:11","slug":"dita-boterore-e-lirise-se-shtypit-agk-gazetaret-ne-kosove-vazhdojne-te-mbesin-target-i-sulmeve","status":"publish","type":"post","link":"https:\/\/radiostargjilan.com\/web\/dita-boterore-e-lirise-se-shtypit-agk-gazetaret-ne-kosove-vazhdojne-te-mbesin-target-i-sulmeve\/","title":{"rendered":"Dita Bot\u00ebrore e Liris\u00eb s\u00eb Shtypit, AGK: Gazetar\u00ebt n\u00eb Kosov\u00eb vazhdojn\u00eb t\u00eb mbesin target i sulmeve"},"content":{"rendered":"<p>N\u00eb Dit\u00ebn Bot\u00ebrore t\u00eb Liris\u00eb s\u00eb Shtypit, Asociacioni i Gazetar\u00ebve t\u00eb Kosov\u00ebs ka ndar\u00eb nj\u00eb deklarat\u00eb, ku thuhet se gazetr\u00ebt n\u00eb vendin ton\u00eb vazhdojn\u00eb t\u00eb mbesin target i sulmeve..<\/p>\n<p>Sipas AGK-s\u00eb, gazetar\u00ebt n\u00eb Kosov\u00eb vazhdojn\u00eb t\u00eb ballafaqohen me nj\u00eb num\u00ebr sfidash p\u00ebr kryerjen e pun\u00ebs s\u00eb tyre, ku kryesorja, si\u00e7 theksohet n\u00eb deklarat\u00eb, mbetet nj\u00eb fushat\u00eb e pandalshme nga ana e Qeveris\u00eb s\u00eb Kosov\u00ebs dhe partis\u00eb politike n\u00eb pushtet, Vet\u00ebvendosje, n\u00eb p\u00ebrpjekje p\u00ebr t\u00eb delegjitimuar pun\u00ebn e gazetar\u00ebve.<\/p>\n<p>\u201cGazetar\u00ebt dhe mediat mbesin cak i sulmeve n\u00ebp\u00ebrmjet fjalorit denigrues q\u00eb ka p\u00ebr q\u00ebllim uljen e besimit t\u00eb publikut n\u00eb raportimin e tyre\u201d, thuhet n\u00eb deklarat\u00eb.<\/p>\n<p>AGK-ja i ka b\u00ebr\u00eb thirrje Qeveris\u00eb n\u00eb detyr\u00eb, Vet\u00ebvendosjes dhe gjith\u00eb akter\u00ebve politik\u00eb q\u00eb t\u00eb respektojn\u00eb dhe t\u00eb mos e pengojn\u00eb pun\u00ebn e gazetar\u00ebve, si faktor ky\u00e7 n\u00eb zhvillimin demokratik t\u00eb vendit.<\/p>\n<p>Nd\u00ebr t\u00eb tjera, asociacioni ka shprehur shqet\u00ebsim q\u00eb shumica parlamentare, n\u00eb nj\u00eb procedur\u00eb t\u00eb shpejt\u00eb dhe t\u00eb komprometuar, ka zgjedhur an\u00ebtar\u00ebt e bordeve t\u00eb RTK-s\u00eb dhe KPM-s\u00eb, q\u00eb ka rezultuar, si\u00e7 thon\u00eb ata, n\u00eb tendenc\u00eb t\u00eb hapur p\u00ebr kontrollimin politik dhe partiak t\u00eb t\u00eb dyja institucioneve.<\/p>\n<p>\u201cAGK-ja v\u00ebren p\u00ebrmir\u00ebsimin n\u00eb renditjen e Kosov\u00ebs n\u00eb Indeksin e Reporter\u00ebve Pa Kufij k\u00ebt\u00eb vit, i cili ka ndodhur p\u00ebr shkak t\u00eb vendimit meritor t\u00eb Gjykat\u00ebs Kushtetuese q\u00eb e ka shpallur antikushtetues Ligjin p\u00ebr KPM-n\u00eb, t\u00eb miratuar n\u00eb Kuvend nga Vet\u00ebvendosje. N\u00ebp\u00ebrmjet k\u00ebtij vendimi dhe t\u00eb tjer\u00ebve, sistemi gjyq\u00ebsor mbetet garantuesi m\u00eb i r\u00ebnd\u00ebsish\u00ebm i liris\u00eb s\u00eb medias n\u00eb Kosov\u00eb. Kjo reflektohet edhe n\u00eb miratimin e Strategjis\u00eb s\u00eb KGJK-s\u00eb q\u00eb do t\u2019u jap\u00eb prioritet rasteve t\u00eb gazetar\u00ebve. AGK-ja b\u00ebn thirrje p\u00ebr politika m\u00eb t\u00eb ashpra nd\u00ebshkimore n\u00eb rastet kur gazetar\u00ebt jan\u00eb viktima t\u00eb sulmeve\u201d, thuhet nd\u00ebr t\u00eb tjera n\u00eb deklarat\u00ebn p\u00ebr media.<\/p>\n<p>:AGK-ja vazhdon t\u00eb mbetet e p\u00ebrkushtuar p\u00ebr sigurin\u00eb e gazetar\u00ebve, duke i dokumentuar dhe denoncuar ato e duke punuar me organet e siguris\u00eb e drejt\u00ebsis\u00eb p\u00ebr zgjidhjen e rasteve.  AGK-ja angazhohet p\u00ebr p\u00ebrmir\u00ebsimin e kushteve t\u00eb pun\u00ebs p\u00ebr gazetar\u00ebt dhe punonj\u00ebsit medial\u00eb dhe i inkurajon ata q\u00eb t\u00eb paraqesin n\u00eb Inspektoratin e Pun\u00ebs mosrespektimin e kontratave dhe t\u00eb Ligjit t\u00eb Pun\u00ebs n\u00eb p\u00ebrgjith\u00ebsi.Me pun\u00ebn e tyre t\u00eb vazhdueshme, gazetar\u00ebt dhe mediat n\u00eb Kosov\u00eb vazhdojn\u00eb t\u2019i sh\u00ebrbejn\u00eb interesit publik p\u00ebr informim dhe luajn\u00eb rol t\u00eb paz\u00ebvend\u00ebsuesh\u00ebm n\u00eb forcimin e demokracis\u00eb n\u00eb Kosov\u00eb\u201d.<\/p>\n","protected":false},"excerpt":{"rendered":"<p>N\u00eb Dit\u00ebn Bot\u00ebrore t\u00eb Liris\u00eb s\u00eb Shtypit, Asociacioni i Gazetar\u00ebve t\u00eb Kosov\u00ebs ka ndar\u00eb nj\u00eb deklarat\u00eb, ku thuhet se gazetr\u00ebt n\u00eb vendin ton\u00eb vazhdojn\u00eb t\u00eb mbesin target i sulmeve.. Sipas AGK-s\u00eb, gazetar\u00ebt n\u00eb Kosov\u00eb vazhdojn\u00eb t\u00eb ballafaqohen me nj\u00eb num\u00ebr sfidash p\u00ebr kryerjen e pun\u00ebs s\u00eb tyre, ku kryesorja, si\u00e7 theksohet n\u00eb deklarat\u00eb, mbetet nj\u00eb [&hellip;]<\/p>\n","protected":false},"author":1,"featured_media":233082,"comment_status":"closed","ping_status":"closed","sticky":false,"template":"","format":"standard","meta":{"footnotes":""},"categories":[5],"tags":[],"class_list":{"0":"post-233080","1":"post","2":"type-post","3":"status-publish","4":"format-standard","5":"has-post-thumbnail","7":"category-lajme"},"_links":{"self":[{"href":"https:\/\/radiostargjilan.com\/web\/wp-json\/wp\/v2\/posts\/233080","targetHints":{"allow":["GET"]}}],"collection":[{"href":"https:\/\/radiostargjilan.com\/web\/wp-json\/wp\/v2\/posts"}],"about":[{"href":"https:\/\/radiostargjilan.com\/web\/wp-json\/wp\/v2\/types\/post"}],"author":[{"embeddable":true,"href":"https:\/\/radiostargjilan.com\/web\/wp-json\/wp\/v2\/users\/1"}],"replies":[{"embeddable":true,"href":"https:\/\/radiostargjilan.com\/web\/wp-json\/wp\/v2\/comments?post=233080"}],"version-history":[{"count":1,"href":"https:\/\/radiostargjilan.com\/web\/wp-json\/wp\/v2\/posts\/233080\/revisions"}],"predecessor-version":[{"id":233083,"href":"https:\/\/radiostargjilan.com\/web\/wp-json\/wp\/v2\/posts\/233080\/revisions\/233083"}],"wp:featuredmedia":[{"embeddable":true,"href":"https:\/\/radiostargjilan.com\/web\/wp-json\/wp\/v2\/media\/233082"}],"wp:attachment":[{"href":"https:\/\/radiostargjilan.com\/web\/wp-json\/wp\/v2\/media?parent=233080"}],"wp:term":[{"taxonomy":"category","embeddable":true,"href":"https:\/\/radiostargjilan.com\/web\/wp-json\/wp\/v2\/categories?post=233080"},{"taxonomy":"post_tag","embeddable":true,"href":"https:\/\/radiostargjilan.com\/web\/wp-json\/wp\/v2\/tags?post=233080"}],"curies":[{"name":"wp","href":"https:\/\/api.w.org\/{rel}","templated":true}]}}