{"id":23491,"date":"2018-08-06T09:18:40","date_gmt":"2018-08-06T09:18:40","guid":{"rendered":"http:\/\/radiostargjilan.com\/web\/?p=23491"},"modified":"2018-08-06T09:18:40","modified_gmt":"2018-08-06T09:18:40","slug":"gjilan-protestojne-para-keds-it-paralajmerojne-terr-ne-shtator-nese-nuk-u-plotesohen-kerkesat","status":"publish","type":"post","link":"https:\/\/radiostargjilan.com\/web\/gjilan-protestojne-para-keds-it-paralajmerojne-terr-ne-shtator-nese-nuk-u-plotesohen-kerkesat\/","title":{"rendered":"Gjilan: Protestojn\u00eb para KEDS-it, paralajm\u00ebrojn\u00eb \u201cterr\u201d n\u00eb shtator n\u00ebse nuk u plot\u00ebsohen k\u00ebrkesat"},"content":{"rendered":"<p>Pun\u00ebtor\u00ebt e Kompanis\u00eb KEDS, distrikti n\u00eb Gjilan, kan\u00eb protestuar sot para zyrave t\u00eb Distriktit n\u00eb Gjilan, n\u00eb nj\u00eb protest\u00eb nj\u00ebor\u00ebshe, q\u00eb ata e kan\u00eb cil\u00ebsuar si protest\u00eb paralajm\u00ebruese, e ku kan\u00eb k\u00ebrkuar zbatim t\u00eb marr\u00ebveshjes kolektive dhe rritje t\u00eb pagave p\u00ebr nj\u00eb jet\u00eb t\u00eb dinjitetshme. Nj\u00eb, protest\u00eb t\u00eb till\u00eb \u00ebsht\u00eb paralajm\u00ebruar p\u00ebr sot edhe n\u00eb Kamenic\u00eb e Viti, transmeton 2LONLINE.<br \/>\nP\u00ebr t\u00eb mb\u00ebshtetur protestuesit e distriktit n\u00eb Gjilan, ishte i pranish\u00ebm edhe Kryetari i Federat\u00ebs s\u00eb Sindikatave t\u00eb Pavarura \u201cElektroKosova\u201d (FSPE), Hysni Gashi, i cili ka th\u00ebn\u00eb se kan\u00eb qen\u00eb t\u00eb detyruar p\u00ebr t\u00eb nd\u00ebrmarr\u00eb nj\u00eb veprim t\u00eb till\u00eb, p\u00ebr t\u00eb protestuar si paralajm\u00ebrim, nd\u00ebrsa m\u00eb von\u00eb nuk p\u00ebrjashtohen as veprimet tjera, n\u00ebse nuk kan\u00eb p\u00ebrgjigje pozitive n\u00eb k\u00ebrkesat e tyre.<\/p>\n<p>Gashi ka th\u00ebn\u00eb se kan\u00eb trokitur n\u00ebp\u00ebr dyert e institucioneve t\u00eb shtetit p\u00ebr t\u2019i njoftuar me k\u00ebrkesat e tyre, i jan\u00eb adresuar, Kuvendit, Qeveris\u00eb, Presidenc\u00ebs por, si\u00e7 tha ai, kan\u00eb hasur n\u00eb vesh t\u00eb shurdh\u00ebr.<\/p>\n<p>Ai ka shtuar se duan q\u00eb menagjmenti i KEDS-it dhe ZRRE, e institucione tjera relevante, t\u00eb bashk\u00ebpunojn\u00eb dhe t\u00eb gjejn\u00eb zgjidhje, t\u00eb plot\u00ebsohen k\u00ebrkesat e Sindikat\u00ebs, q\u00eb ka t\u00eb b\u00ebj\u00eb me zbatimin e marr\u00ebveshjes s\u00eb p\u00ebrgjithshme kolektive si dhe me ngritjen e pagave p\u00ebr nj\u00eb jet\u00eb t\u00eb dinjitetshme edhe t\u00eb pun\u00ebtor\u00ebve t\u00eb KEDS-it.<\/p>\n<p>Gashi ka th\u00ebn\u00eb se protesta t\u00eb tilla paralajm\u00ebruese do t\u00eb ket\u00eb n\u00eb \u00e7do distrikt, ato do t\u00eb jen\u00eb nj\u00ebor\u00ebshe, por n\u00eb qoft\u00eb se nuk u plot\u00ebsohen k\u00ebrkesat, at\u00ebher\u00eb n\u00eb shtator do t\u00eb ket\u00eb protest\u00eb t\u00eb madhe, do t\u00eb ket\u00eb grev\u00eb n\u00eb nivel vendi q\u00eb do t\u00eb mbahet n\u00eb Prishtin\u00eb dhe do t\u00eb jet\u00eb grev\u00eb pa afat t\u00eb caktuar kohor, por deri n\u00eb realizim t\u00eb plot\u00eb t\u00eb k\u00ebrkesave. Ai tha se nuk duan, por mund t\u00eb ndodh q\u00eb pastaj Kosova t\u00eb mbetet n\u00eb terr, andaj shpreson n\u00eb arsyeshm\u00ebri t\u00eb institucioneve relevante dhe plot\u00ebsim t\u00eb k\u00ebrkesave p\u00ebr zbatim t\u00eb marr\u00ebveshjes kolektive dhe rritje pagash, q\u00eb t\u00eb mos vije deri te nj\u00eb hap i till\u00eb n\u00eb shtator.<\/p>\n<p>Ai tha se kan\u00eb mb\u00ebshtetje edhe nga sindikatat tjera, si ajo e reja e KEK-ut, BSPK-s\u00eb dhe Post\u00ebs dhe se do t\u00eb jen\u00eb t\u00eb pal\u00ebkundur deri n\u00eb realizim t\u00eb k\u00ebrkesave t\u00eb tyre.<\/p>\n<p>Edhe n\u00ebnkryetari i FSPE-s\u00eb, Fehmi Pajaziti ka k\u00ebrkuar nga pun\u00ebtor\u00ebt t\u00eb jen\u00eb t\u00eb bashkuar n\u00eb k\u00ebt\u00eb \u00e7\u00ebshtje dhe ka k\u00ebrkuar q\u00eb edhe pun\u00ebtor\u00ebt e KEDS-it t\u00eb trajtohen me dinjiteti dhe t\u00eb trajtohen sikurse pun\u00ebtor\u00ebt e sektorit publik, e mb\u00ebshtetje dhe unitetit n\u00eb mesin e protestuesve p\u00ebr t\u2019i realizuar k\u00ebrkesat e tyre ka k\u00ebrkuar edhe Ahmet Hyseni, nga FSPE \u2013 Prishtin\u00eb.<\/p>\n<p>Ndryshe, nga FSPE-ja e Gjilanit, Avdirrahim Hasani, ka th\u00ebn\u00eb p\u00ebr 2LONLINE, se sindikata gjilanase po b\u00ebn\u00eb p\u00ebrpjekje p\u00ebr t\u00eb mbrojtur t\u00eb drejtat e pun\u00ebtor\u00ebve pa pretendime p\u00ebr t\u00eb d\u00ebmtuar Kompanin\u00eb, sepse \u00ebsht\u00eb e tyre dhe se jan\u00eb t hapur p\u00ebr bashk\u00ebpunim me menagjmentin. Por, k\u00ebrkojn\u00eb q\u00eb pun\u00ebtor\u00ebt t\u00eb trajtohen me dinjitet dhe si t\u00eb barabart\u00eb sipas ligjeve n\u00eb fuqi dhe t\u00eb mos ket\u00eb veprime diskriminuese.<\/p>\n<p>P\u00ebrve\u00e7 dy k\u00ebrkesave, t\u00eb zbatimit t\u00eb marr\u00ebveshjes kolektive dhe rritje t\u00eb pagave, Hasani ka th\u00ebn\u00eb se k\u00ebrkes\u00eb e FSPE-s\u00eb \u2013 Gjilan, \u00ebsht\u00eb edhe kthimi i pun\u00ebtor\u00ebve t\u00eb larguar n\u00eb vendet e tyre t\u00eb pun\u00ebs.<\/p>\n","protected":false},"excerpt":{"rendered":"<p>Pun\u00ebtor\u00ebt e Kompanis\u00eb KEDS, distrikti n\u00eb Gjilan, kan\u00eb protestuar sot para zyrave t\u00eb Distriktit n\u00eb Gjilan, n\u00eb nj\u00eb protest\u00eb nj\u00ebor\u00ebshe, q\u00eb ata e kan\u00eb cil\u00ebsuar si protest\u00eb paralajm\u00ebruese, e ku kan\u00eb k\u00ebrkuar zbatim t\u00eb marr\u00ebveshjes kolektive dhe rritje t\u00eb pagave p\u00ebr nj\u00eb jet\u00eb t\u00eb dinjitetshme. Nj\u00eb, protest\u00eb t\u00eb till\u00eb \u00ebsht\u00eb paralajm\u00ebruar p\u00ebr sot edhe n\u00eb [&hellip;]<\/p>\n","protected":false},"author":1,"featured_media":23493,"comment_status":"closed","ping_status":"closed","sticky":false,"template":"","format":"standard","meta":{"footnotes":""},"categories":[5],"tags":[],"class_list":{"0":"post-23491","1":"post","2":"type-post","3":"status-publish","4":"format-standard","5":"has-post-thumbnail","7":"category-lajme"},"_links":{"self":[{"href":"https:\/\/radiostargjilan.com\/web\/wp-json\/wp\/v2\/posts\/23491","targetHints":{"allow":["GET"]}}],"collection":[{"href":"https:\/\/radiostargjilan.com\/web\/wp-json\/wp\/v2\/posts"}],"about":[{"href":"https:\/\/radiostargjilan.com\/web\/wp-json\/wp\/v2\/types\/post"}],"author":[{"embeddable":true,"href":"https:\/\/radiostargjilan.com\/web\/wp-json\/wp\/v2\/users\/1"}],"replies":[{"embeddable":true,"href":"https:\/\/radiostargjilan.com\/web\/wp-json\/wp\/v2\/comments?post=23491"}],"version-history":[{"count":0,"href":"https:\/\/radiostargjilan.com\/web\/wp-json\/wp\/v2\/posts\/23491\/revisions"}],"wp:featuredmedia":[{"embeddable":true,"href":"https:\/\/radiostargjilan.com\/web\/wp-json\/wp\/v2\/media\/23493"}],"wp:attachment":[{"href":"https:\/\/radiostargjilan.com\/web\/wp-json\/wp\/v2\/media?parent=23491"}],"wp:term":[{"taxonomy":"category","embeddable":true,"href":"https:\/\/radiostargjilan.com\/web\/wp-json\/wp\/v2\/categories?post=23491"},{"taxonomy":"post_tag","embeddable":true,"href":"https:\/\/radiostargjilan.com\/web\/wp-json\/wp\/v2\/tags?post=23491"}],"curies":[{"name":"wp","href":"https:\/\/api.w.org\/{rel}","templated":true}]}}