{"id":23553,"date":"2018-08-10T09:30:18","date_gmt":"2018-08-10T09:30:18","guid":{"rendered":"http:\/\/radiostargjilan.com\/web\/?p=23553"},"modified":"2018-08-10T09:30:18","modified_gmt":"2018-08-10T09:30:18","slug":"vellai-rrahe-motren-ne-gjilan-2","status":"publish","type":"post","link":"https:\/\/radiostargjilan.com\/web\/vellai-rrahe-motren-ne-gjilan-2\/","title":{"rendered":"V\u00cbLLAI RRAH\u00cb MOTR\u00cbN N\u00cb GJILAN"},"content":{"rendered":"<p>Nj\u00eb vajz\u00eb nga Gjilani \u00ebsht\u00eb ankuar n\u00eb polici me pretendimet se ajo \u00ebsht\u00eb rrahur nga v\u00ebllai i saj. Motivet e sulmit ende nuk jan\u00eb t\u00eb qarta p\u00ebrderisa policia njofton se ka arrestuar personin e dyshimt\u00eb.<\/p>\n<p>Rasti ka ndodhur rreth or\u00ebs tet\u00eb t\u00eb m\u00ebngjesit thuhet n\u00eb raportin 24-or\u00ebsh t\u00eb policis\u00eb.<\/p>\n<p>I nj\u00ebjti sipas policis\u00eb \u00ebsht\u00eb paraburgosur p\u00ebr 48 or\u00eb nd\u00ebrsa viktima ka marr\u00eb tretman mjek\u00ebsor.<\/p>\n","protected":false},"excerpt":{"rendered":"<p>Nj\u00eb vajz\u00eb nga Gjilani \u00ebsht\u00eb ankuar n\u00eb polici me pretendimet se ajo \u00ebsht\u00eb rrahur nga v\u00ebllai i saj. Motivet e sulmit ende nuk jan\u00eb t\u00eb qarta p\u00ebrderisa policia njofton se ka arrestuar personin e dyshimt\u00eb. Rasti ka ndodhur rreth or\u00ebs tet\u00eb t\u00eb m\u00ebngjesit thuhet n\u00eb raportin 24-or\u00ebsh t\u00eb policis\u00eb. I nj\u00ebjti sipas policis\u00eb \u00ebsht\u00eb paraburgosur [&hellip;]<\/p>\n","protected":false},"author":1,"featured_media":22990,"comment_status":"closed","ping_status":"closed","sticky":false,"template":"","format":"standard","meta":{"footnotes":""},"categories":[5],"tags":[],"class_list":{"0":"post-23553","1":"post","2":"type-post","3":"status-publish","4":"format-standard","5":"has-post-thumbnail","7":"category-lajme"},"_links":{"self":[{"href":"https:\/\/radiostargjilan.com\/web\/wp-json\/wp\/v2\/posts\/23553","targetHints":{"allow":["GET"]}}],"collection":[{"href":"https:\/\/radiostargjilan.com\/web\/wp-json\/wp\/v2\/posts"}],"about":[{"href":"https:\/\/radiostargjilan.com\/web\/wp-json\/wp\/v2\/types\/post"}],"author":[{"embeddable":true,"href":"https:\/\/radiostargjilan.com\/web\/wp-json\/wp\/v2\/users\/1"}],"replies":[{"embeddable":true,"href":"https:\/\/radiostargjilan.com\/web\/wp-json\/wp\/v2\/comments?post=23553"}],"version-history":[{"count":0,"href":"https:\/\/radiostargjilan.com\/web\/wp-json\/wp\/v2\/posts\/23553\/revisions"}],"wp:featuredmedia":[{"embeddable":true,"href":"https:\/\/radiostargjilan.com\/web\/wp-json\/wp\/v2\/media\/22990"}],"wp:attachment":[{"href":"https:\/\/radiostargjilan.com\/web\/wp-json\/wp\/v2\/media?parent=23553"}],"wp:term":[{"taxonomy":"category","embeddable":true,"href":"https:\/\/radiostargjilan.com\/web\/wp-json\/wp\/v2\/categories?post=23553"},{"taxonomy":"post_tag","embeddable":true,"href":"https:\/\/radiostargjilan.com\/web\/wp-json\/wp\/v2\/tags?post=23553"}],"curies":[{"name":"wp","href":"https:\/\/api.w.org\/{rel}","templated":true}]}}