{"id":23555,"date":"2018-08-10T09:35:06","date_gmt":"2018-08-10T09:35:06","guid":{"rendered":"http:\/\/radiostargjilan.com\/web\/?p=23555"},"modified":"2018-08-10T09:35:06","modified_gmt":"2018-08-10T09:35:06","slug":"policia-ne-gjilan-arreston-personin-qe-i-kerkoi-harac-teologut","status":"publish","type":"post","link":"https:\/\/radiostargjilan.com\/web\/policia-ne-gjilan-arreston-personin-qe-i-kerkoi-harac-teologut\/","title":{"rendered":"POLICIA N\u00cb GJILAN ARRESTON PERSONIN Q\u00cb I K\u00cbRKOI HARA\u00c7 TEOLOGUT"},"content":{"rendered":"<p>Policia e Kosov\u00ebs\u00a0 p\u00ebr rajonin e Gjilanit \u00a0ka konfirmuar se ka arrestuar personin e dyshuar i cili k\u00ebrc\u00ebnoi p\u00ebrmes mesazheve profesorin e shkencave islame, Mustafa Bajramin.<br \/>\nZ\u00ebdh\u00ebn\u00ebsi i PK-s\u00eb p\u00ebr k\u00ebt\u00eb rajon, Ismet Hashani ka th\u00ebn\u00eb se i dyshuari \u00ebsht\u00eb shtetas i Kosov\u00ebs, banor i Komun\u00ebs s\u00eb Drenasit.<br \/>\n\u201cRreth or\u00ebs 19:00 Policia e Kosov\u00ebs\u00a0 e ka lokalizuar \u00a0t\u00eb dyshuarin shtetas i Kosov\u00ebs, banor\u00eb i Komun\u00ebs s\u00eb Drenasit,\u00a0 i cili dyshohet q\u00eb t\u00eb jet\u00eb autori i k\u00ebrc\u00ebnimeve p\u00ebrmes telefonit dhe i nj\u00ebjti \u00ebsht\u00eb sjell\u00eb n\u00eb stacionin policor n\u00eb Gjilan dhe \u00ebsht\u00eb intervistuar n\u00eb prani t\u00eb avokatit\u201d, ka th\u00ebn\u00eb Hashani p\u00ebr Indeksonline.<\/p>\n<p>Gjersa ai ka shtuar se me vendim t\u00eb prokurorit t\u00eb shtetit i nj\u00ebjti \u00ebsht\u00eb d\u00ebrguar n\u00eb mbajtje p\u00ebr 48 or\u00eb.<br \/>\nNdryshe, teologu Bajrami p\u00ebrmes nj\u00eb shkrimi n\u00eb rrjete sociale kishte th\u00ebn\u00eb se \u00ebsht\u00eb dashur nd\u00ebrhyrja e nj\u00eb personi tjet\u00ebr (nd\u00ebrmjet\u00ebsues) q\u00eb \u00e7mimi i hara\u00e7it t\u00eb bie.<br \/>\n\u201cOse 35000 euro, ose koka. Ky ishte ultimatumi i deridjesh\u00ebm. Pas nd\u00ebrhyrjes s\u00eb nj\u00eb fytyre shum\u00eb e njohur publike n\u00eb Kosov\u00eb (jo fytyr\u00eb politike), \u00e7mimi ka ra, por, sipas nd\u00ebrmjet\u00ebsuesit, gjithqysh di\u00e7ka duhet paguar.<\/p>\n<p>I them bot\u00ebrisht zot\u00ebriut dhe zot\u00ebrinj\u00ebve t\u00eb involvuar. Nuk ka forc\u00eb n\u00eb k\u00ebt\u00eb bot\u00eb q\u00eb mund t\u00eb m\u00eb detyroj\u00eb t\u00eb b\u00ebj\u00eb di\u00e7ka jashta vullnetit tim. Si\u00e7 i kam quar selam mbr\u00ebm\u00eb edhe sot nga k\u00ebtu i them; Pushka top iu b\u00ebft\u00eb se un\u00eb nuk frikohem. Kurr\u00eb dhe n\u00eb asnj\u00eb m\u00ebnyr\u00eb asnj\u00eb cent s\u2019ka p\u00ebr ta marr\u00eb\u201d, kishte shkruar Bajrami<\/p>\n","protected":false},"excerpt":{"rendered":"<p>Policia e Kosov\u00ebs\u00a0 p\u00ebr rajonin e Gjilanit \u00a0ka konfirmuar se ka arrestuar personin e dyshuar i cili k\u00ebrc\u00ebnoi p\u00ebrmes mesazheve profesorin e shkencave islame, Mustafa Bajramin. Z\u00ebdh\u00ebn\u00ebsi i PK-s\u00eb p\u00ebr k\u00ebt\u00eb rajon, Ismet Hashani ka th\u00ebn\u00eb se i dyshuari \u00ebsht\u00eb shtetas i Kosov\u00ebs, banor i Komun\u00ebs s\u00eb Drenasit. \u201cRreth or\u00ebs 19:00 Policia e Kosov\u00ebs\u00a0 e [&hellip;]<\/p>\n","protected":false},"author":1,"featured_media":23556,"comment_status":"closed","ping_status":"closed","sticky":false,"template":"","format":"standard","meta":{"footnotes":""},"categories":[5],"tags":[],"class_list":{"0":"post-23555","1":"post","2":"type-post","3":"status-publish","4":"format-standard","5":"has-post-thumbnail","7":"category-lajme"},"_links":{"self":[{"href":"https:\/\/radiostargjilan.com\/web\/wp-json\/wp\/v2\/posts\/23555","targetHints":{"allow":["GET"]}}],"collection":[{"href":"https:\/\/radiostargjilan.com\/web\/wp-json\/wp\/v2\/posts"}],"about":[{"href":"https:\/\/radiostargjilan.com\/web\/wp-json\/wp\/v2\/types\/post"}],"author":[{"embeddable":true,"href":"https:\/\/radiostargjilan.com\/web\/wp-json\/wp\/v2\/users\/1"}],"replies":[{"embeddable":true,"href":"https:\/\/radiostargjilan.com\/web\/wp-json\/wp\/v2\/comments?post=23555"}],"version-history":[{"count":0,"href":"https:\/\/radiostargjilan.com\/web\/wp-json\/wp\/v2\/posts\/23555\/revisions"}],"wp:featuredmedia":[{"embeddable":true,"href":"https:\/\/radiostargjilan.com\/web\/wp-json\/wp\/v2\/media\/23556"}],"wp:attachment":[{"href":"https:\/\/radiostargjilan.com\/web\/wp-json\/wp\/v2\/media?parent=23555"}],"wp:term":[{"taxonomy":"category","embeddable":true,"href":"https:\/\/radiostargjilan.com\/web\/wp-json\/wp\/v2\/categories?post=23555"},{"taxonomy":"post_tag","embeddable":true,"href":"https:\/\/radiostargjilan.com\/web\/wp-json\/wp\/v2\/tags?post=23555"}],"curies":[{"name":"wp","href":"https:\/\/api.w.org\/{rel}","templated":true}]}}