{"id":23568,"date":"2018-08-11T11:00:23","date_gmt":"2018-08-11T11:00:23","guid":{"rendered":"http:\/\/radiostargjilan.com\/web\/?p=23568"},"modified":"2018-08-11T11:00:23","modified_gmt":"2018-08-11T11:00:23","slug":"pas-lirimit-nga-paraburgimi-te-afrim-rexhepit-anulohet-konferenca-e-hazirit","status":"publish","type":"post","link":"https:\/\/radiostargjilan.com\/web\/pas-lirimit-nga-paraburgimi-te-afrim-rexhepit-anulohet-konferenca-e-hazirit\/","title":{"rendered":"Pas lirimit nga paraburgimi t\u00eb Afrim Rexhepit, anulohet konferenca e Hazirit"},"content":{"rendered":"<p>Pas lirimit nga paraburgimi t\u00eb Afrim Rexhepit, anulohet konferenca p\u00ebr media e Lutfi Hazirit<br \/>\nPas lirimit nga paraburgimi t\u00eb Afrim Rexhepit, kryetarit t\u00eb Organizat\u00ebs s\u00eb Invalid\u00ebve t\u00eb Luft\u00ebs s\u00eb UCK, dega n\u00eb Gjilan, anulohet konferenca p\u00ebr media e kryetarit t\u00eb Komun\u00ebs s\u00eb Gjilanit, Lutfi Hazirit.<\/p>\n<p>Meq\u00eb e kemi marr\u00eb lajmin nga familja e kryetarit t\u00eb Organizat\u00ebs s\u00eb Invalid\u00ebve t\u00eb Luft\u00ebs s\u00eb UCK ne Gjilan, Afrim Rexhepi p\u00ebr lirimin e tij nga paraburgimi n\u00eb Maqedoni, ju njoftojm\u00eb se kryetari i Komun\u00ebs, Lutfi Haziri, e ka anuluar konferenc\u00ebn p\u00ebr media t\u00eb parapar\u00eb n\u00eb ora 13:30.<\/p>\n<p>Sic njofton familja e tij, z. Afrim Rexhepi gjenden n\u00eb Kumanov\u00eb p\u00ebr \u00e7\u00ebshtje procedurale dhe n\u00eb momentin q\u00eb vije n\u00eb Gjilan, ju njoftojm\u00eb me koh\u00eb\u201d, thuhet n\u00eb njoftimin e Zyr\u00ebs p\u00ebr Informim e Komuns\u00eb s\u00eb Gjilanit.<\/p>\n","protected":false},"excerpt":{"rendered":"<p>Pas lirimit nga paraburgimi t\u00eb Afrim Rexhepit, anulohet konferenca p\u00ebr media e Lutfi Hazirit Pas lirimit nga paraburgimi t\u00eb Afrim Rexhepit, kryetarit t\u00eb Organizat\u00ebs s\u00eb Invalid\u00ebve t\u00eb Luft\u00ebs s\u00eb UCK, dega n\u00eb Gjilan, anulohet konferenca p\u00ebr media e kryetarit t\u00eb Komun\u00ebs s\u00eb Gjilanit, Lutfi Hazirit. Meq\u00eb e kemi marr\u00eb lajmin nga familja e kryetarit t\u00eb [&hellip;]<\/p>\n","protected":false},"author":1,"featured_media":23496,"comment_status":"closed","ping_status":"closed","sticky":false,"template":"","format":"standard","meta":{"footnotes":""},"categories":[5],"tags":[],"class_list":{"0":"post-23568","1":"post","2":"type-post","3":"status-publish","4":"format-standard","5":"has-post-thumbnail","7":"category-lajme"},"_links":{"self":[{"href":"https:\/\/radiostargjilan.com\/web\/wp-json\/wp\/v2\/posts\/23568","targetHints":{"allow":["GET"]}}],"collection":[{"href":"https:\/\/radiostargjilan.com\/web\/wp-json\/wp\/v2\/posts"}],"about":[{"href":"https:\/\/radiostargjilan.com\/web\/wp-json\/wp\/v2\/types\/post"}],"author":[{"embeddable":true,"href":"https:\/\/radiostargjilan.com\/web\/wp-json\/wp\/v2\/users\/1"}],"replies":[{"embeddable":true,"href":"https:\/\/radiostargjilan.com\/web\/wp-json\/wp\/v2\/comments?post=23568"}],"version-history":[{"count":0,"href":"https:\/\/radiostargjilan.com\/web\/wp-json\/wp\/v2\/posts\/23568\/revisions"}],"wp:featuredmedia":[{"embeddable":true,"href":"https:\/\/radiostargjilan.com\/web\/wp-json\/wp\/v2\/media\/23496"}],"wp:attachment":[{"href":"https:\/\/radiostargjilan.com\/web\/wp-json\/wp\/v2\/media?parent=23568"}],"wp:term":[{"taxonomy":"category","embeddable":true,"href":"https:\/\/radiostargjilan.com\/web\/wp-json\/wp\/v2\/categories?post=23568"},{"taxonomy":"post_tag","embeddable":true,"href":"https:\/\/radiostargjilan.com\/web\/wp-json\/wp\/v2\/tags?post=23568"}],"curies":[{"name":"wp","href":"https:\/\/api.w.org\/{rel}","templated":true}]}}