{"id":23570,"date":"2018-08-11T11:53:46","date_gmt":"2018-08-11T11:53:46","guid":{"rendered":"http:\/\/radiostargjilan.com\/web\/?p=23570"},"modified":"2018-08-11T11:53:46","modified_gmt":"2018-08-11T11:53:46","slug":"pse-jam-kunder-testimit-te-mesimdhenesve-por-jam-per-inspektim","status":"publish","type":"post","link":"https:\/\/radiostargjilan.com\/web\/pse-jam-kunder-testimit-te-mesimdhenesve-por-jam-per-inspektim\/","title":{"rendered":"Pse jam kund\u00ebr testimit t\u00eb m\u00ebsimdh\u00ebn\u00ebsve, por jam p\u00ebr inspektim?"},"content":{"rendered":"<p>Valentina Bunjaku \u2013 Rexhepi, deputete<\/p>\n<p>1. Testimi i m\u00ebsimdh\u00ebn\u00ebsve \u00ebsht\u00eb antiligjor, pasi q\u00eb vler\u00ebsimi p\u00ebr m\u00ebsimdh\u00ebn\u00ebsit \u00ebsht\u00eb b\u00ebr\u00eb nga profesor\u00ebt e tyre dhe kan\u00eb marr\u00eb diploma p\u00ebr k\u00ebt\u00eb, e ligji nuk parasheh autoritet tjet\u00ebr p\u00ebr vler\u00ebsim, p\u00ebrve\u00e7 universiteteve t\u00eb pranuara nga MASHT;<\/p>\n<p>2. Testimi i m\u00ebsimdh\u00ebn\u00ebsve vjen nga zhg\u00ebnjimi i publikut p\u00ebr rezultatet n\u00eb PISA dhe kritikat shkonin n\u00eb MASHT-in, p\u00ebr politikat e dob\u00ebta ndaj sistemit arsimor. Prandaj, MASHT duke dashur ta largonte p\u00ebrgjegj\u00ebsin\u00eb nga vetvetja, me testim, po synon ta reduktoj\u00eb p\u00ebrgjegj\u00ebsin\u00eb e cil\u00ebsis\u00eb vet\u00ebm te m\u00ebsimdh\u00ebn\u00ebsit. Ne besojm\u00eb se rezultatet negative n\u00eb PISA vijn\u00eb nga shum\u00eb faktor\u00eb, e jo vet\u00ebm cil\u00ebsia e m\u00ebsimdh\u00ebn\u00ebsve;<\/p>\n<p>3. M\u00ebsimdh\u00ebn\u00ebsit duhet t\u00eb inspektohen periodikisht apo rregullisht, por t\u00eb rritet numri i inspektor\u00ebve, n\u00eb p\u00ebrputhje me ligjin n\u00eb fuqi rreth inspektoratit arsimor. Jo t\u00eb provokohen e kinse t\u00eb sfidohen me testim njer\u00ebzit e dijes, por t\u00eb inspektohen m\u00eb cil\u00ebsisht dhe t\u00eb rritet numri i inspektor\u00ebve;<\/p>\n<p>4. Performanca e m\u00ebsimdh\u00ebn\u00ebsve mund t\u00eb matet n\u00eb forma t\u00eb ndryshme, e jo me nj\u00eb testim, i cili ka d\u00ebshtuar edhe te vet\u00eb nx\u00ebn\u00ebsit, e l\u00ebre m\u00eb te m\u00ebsimdh\u00ebn\u00ebsit;<\/p>\n<p>5. Le t\u00eb b\u00ebhet rekrutimi i m\u00ebsimdh\u00ebn\u00ebsve me kritere profesionale e meritokratike, e jo m\u00eb pastaj kur pun\u00ebsohen, s\u00ebrish t\u00eb futen n\u00eb testime;<\/p>\n<p>6. Me testimin e m\u00ebsimdh\u00ebn\u00ebsve, ju do ta ulni autoritetin e tyre para vet\u00eb nx\u00ebn\u00ebsve dhe t\u00eb b\u00ebhen shaka t\u00eb k\u00ebtyre t\u00eb fundit me k\u00ebta t\u00eb par\u00ebt;<\/p>\n<p>7. Mos t\u00eb harrojm\u00eb kontributin e m\u00ebsimdh\u00ebn\u00ebsve gjat\u00eb viteve t\u00eb \u201890-ta, t\u00eb shekullit t\u00eb kaluar, t\u00eb cil\u00ebt mbajt\u00ebn gjall\u00eb arsimin shqip. Hiqjuni testimit t\u00eb tyre, por sa m\u00eb shpejt t\u00eb miratohet Ligji p\u00ebr m\u00ebsimdh\u00ebn\u00ebsit e viteve t\u00eb \u201890-ta!;<\/p>\n<p>8. Nuk ia vlen t\u00eb b\u00ebjm\u00eb testime, t\u00eb cilat do t\u2019i kushtojn\u00eb shum\u00eb buxhetit t\u00eb varf\u00ebr t\u00eb Kosov\u00ebs dhe MASHT-it. Po t\u00eb siguronte ndonj\u00eb rezultat, ndasht\u00eb, por jemi d\u00ebshmitar\u00eb se testimet e tilla nuk po rrisin performanc\u00ebn;<\/p>\n<p>9. Me testimin e m\u00ebsimdh\u00ebn\u00ebsve, ne do t\u00eb krijojm\u00eb \u2018instrumente dhe kuadro paralele t\u00eb vler\u00ebsimit\u2019, me inspektor\u00ebt e arsimit. Pse t\u00eb ket\u00eb inspektime, n\u00ebse ka testime, dhe anasjelltas?! Ose testime, ose inspektime!;<\/p>\n<p>10. M\u00ebsimdh\u00ebn\u00ebsit p\u00ebrmes k\u00ebtij testimi, po paragjykohen dhe stereotipizohen q\u00eb n\u00eb start, si t\u00eb padijsh\u00ebm, analfabet\u00eb funksional\u00eb etj. Kjo do ta d\u00ebmton r\u00ebnd\u00eb popullaritetin e tyre para nx\u00ebn\u00ebsve dhe publikut t\u00eb gjer\u00eb, dhe duke etiketuar dhe stigmatizuar m\u00ebsimdh\u00ebn\u00ebsit, vet\u00ebm do t\u2019i dekurajojm\u00eb ata dhe ato.<\/p>\n<p>Prandaj, un\u00eb jam kund\u00ebr testimit t\u00eb m\u00ebsimdh\u00ebn\u00ebsve, por jam p\u00ebr inspektimin e tyre.<\/p>\n","protected":false},"excerpt":{"rendered":"<p>Valentina Bunjaku \u2013 Rexhepi, deputete 1. Testimi i m\u00ebsimdh\u00ebn\u00ebsve \u00ebsht\u00eb antiligjor, pasi q\u00eb vler\u00ebsimi p\u00ebr m\u00ebsimdh\u00ebn\u00ebsit \u00ebsht\u00eb b\u00ebr\u00eb nga profesor\u00ebt e tyre dhe kan\u00eb marr\u00eb diploma p\u00ebr k\u00ebt\u00eb, e ligji nuk parasheh autoritet tjet\u00ebr p\u00ebr vler\u00ebsim, p\u00ebrve\u00e7 universiteteve t\u00eb pranuara nga MASHT; 2. Testimi i m\u00ebsimdh\u00ebn\u00ebsve vjen nga zhg\u00ebnjimi i publikut p\u00ebr rezultatet n\u00eb PISA [&hellip;]<\/p>\n","protected":false},"author":1,"featured_media":23571,"comment_status":"closed","ping_status":"closed","sticky":false,"template":"","format":"standard","meta":{"footnotes":""},"categories":[5],"tags":[],"class_list":{"0":"post-23570","1":"post","2":"type-post","3":"status-publish","4":"format-standard","5":"has-post-thumbnail","7":"category-lajme"},"_links":{"self":[{"href":"https:\/\/radiostargjilan.com\/web\/wp-json\/wp\/v2\/posts\/23570","targetHints":{"allow":["GET"]}}],"collection":[{"href":"https:\/\/radiostargjilan.com\/web\/wp-json\/wp\/v2\/posts"}],"about":[{"href":"https:\/\/radiostargjilan.com\/web\/wp-json\/wp\/v2\/types\/post"}],"author":[{"embeddable":true,"href":"https:\/\/radiostargjilan.com\/web\/wp-json\/wp\/v2\/users\/1"}],"replies":[{"embeddable":true,"href":"https:\/\/radiostargjilan.com\/web\/wp-json\/wp\/v2\/comments?post=23570"}],"version-history":[{"count":0,"href":"https:\/\/radiostargjilan.com\/web\/wp-json\/wp\/v2\/posts\/23570\/revisions"}],"wp:featuredmedia":[{"embeddable":true,"href":"https:\/\/radiostargjilan.com\/web\/wp-json\/wp\/v2\/media\/23571"}],"wp:attachment":[{"href":"https:\/\/radiostargjilan.com\/web\/wp-json\/wp\/v2\/media?parent=23570"}],"wp:term":[{"taxonomy":"category","embeddable":true,"href":"https:\/\/radiostargjilan.com\/web\/wp-json\/wp\/v2\/categories?post=23570"},{"taxonomy":"post_tag","embeddable":true,"href":"https:\/\/radiostargjilan.com\/web\/wp-json\/wp\/v2\/tags?post=23570"}],"curies":[{"name":"wp","href":"https:\/\/api.w.org\/{rel}","templated":true}]}}