{"id":24087,"date":"2018-09-02T07:35:40","date_gmt":"2018-09-02T07:35:40","guid":{"rendered":"http:\/\/radiostargjilan.com\/web\/?p=24087"},"modified":"2018-09-02T07:35:40","modified_gmt":"2018-09-02T07:35:40","slug":"xhamia-e-lagjes-dardania-ne-qytetin-e-gjilanit-dhuron-237-canta-shkollore","status":"publish","type":"post","link":"https:\/\/radiostargjilan.com\/web\/xhamia-e-lagjes-dardania-ne-qytetin-e-gjilanit-dhuron-237-canta-shkollore\/","title":{"rendered":"Xhamia e lagj\u00ebs Dardania n\u00eb qytetin e Gjilanit dhuron 237 \u00e7anta shkollore"},"content":{"rendered":"<p>Esselamu alejkum!<\/p>\n<p>V\u00ebllez\u00ebr t\u00eb dashur, <\/p>\n<p>Nga kontributi i t\u00eb gjith\u00eb Neve, p\u00ebr aktivitetin vullnetar\u00eb, t\u00eb titulluar:<\/p>\n<p> \u201cNga l\u00ebmosha rrjedh\u00ebse, \u00ebsht\u00eb edhe kontributi p\u00ebr k\u00ebrkuesit e dituris\u00eb (NX\u00cbN\u00cbSIT)\u201d<\/p>\n<p>&#8211; \u00c7ANTA SHKOLLORE &#8211;<\/p>\n<p>Andaj, ju njoftojm\u00eb, se, ky aktivitet q\u00eb nga fillimi, ka qen\u00eb i koordinuar me shum\u00eb t\u00eb rinj t\u00eb qytetit ton\u00eb (Gjilanit), e t\u00eb cil\u00ebt kan\u00eb arritur t\u00eb deponojn\u00eb mjete edhe nga familjar\u00ebt e tyre, n\u00eb Kosov\u00eb e diaspor\u00eb.<\/p>\n<p>Si rezultat i nj\u00eb pune t\u00eb mir\u00eb i t\u00eb gjith\u00ebve, Neve sot, kemi arritur te tubojm\u00eb, <\/p>\n<p>Gjithsej; 237 \u00c7anta*.,<\/p>\n<p>T\u00eb cilat do t\u2019iu dhurohen f\u00ebmij\u00ebve t\u00eb cil\u00ebt i kan\u00eb kushtet jo t\u00eb mira n\u00eb familjet e tyre, skamnor\u00ebve, jetim\u00ebve, rasteve sociale, etj.<\/p>\n<p>Nuk duam t\u00eb shtojm\u00eb fjal\u00eb m\u00eb tep\u00ebr, vet\u00ebm se, juve v\u00ebllez\u00ebr t\u00eb dashur, t\u2019iu p\u00ebrg\u00ebzojm\u00eb p\u00ebr kontributin q\u00eb e keni dh\u00ebn\u00eb p\u00ebr k\u00ebt\u00eb projekt, dhe t\u2019a lusim Allahun t\u2019ua shtoj edhe m\u00eb shum\u00eb t\u00eb mirat e Tij, n\u00eb sht\u00ebpit\u00eb dhe familjet e juaja!<\/p>\n<p>Me respekt!<\/p>\n<p>____________________<br \/>\n* Vlera e nj\u00eb \u00c7ANTE, ka kushtuar 7.99\u20ac<\/p>\n<p><a href=\"http:\/\/radiostargjilan.com\/web\/2018\/09\/02\/xhamia-e-lagjes-dardania-ne-qytetin-e-gjilanit-dhuron-237-canta-shkollore\/f166f810-8067-44a9-b71b-0875ac6c9fdc\/\" rel=\"attachment wp-att-24088\"><img loading=\"lazy\" loading=\"lazy\" decoding=\"async\" src=\"http:\/\/radiostargjilan.com\/web\/wp-content\/uploads\/2018\/09\/F166F810-8067-44A9-B71B-0875AC6C9FDC.jpeg\" alt=\"\" width=\"960\" height=\"720\" class=\"aligncenter size-full wp-image-24088\" srcset=\"https:\/\/radiostargjilan.com\/web\/wp-content\/uploads\/2018\/09\/F166F810-8067-44A9-B71B-0875AC6C9FDC.jpeg 960w, https:\/\/radiostargjilan.com\/web\/wp-content\/uploads\/2018\/09\/F166F810-8067-44A9-B71B-0875AC6C9FDC-600x450.jpeg 600w, https:\/\/radiostargjilan.com\/web\/wp-content\/uploads\/2018\/09\/F166F810-8067-44A9-B71B-0875AC6C9FDC-300x225.jpeg 300w, https:\/\/radiostargjilan.com\/web\/wp-content\/uploads\/2018\/09\/F166F810-8067-44A9-B71B-0875AC6C9FDC-768x576.jpeg 768w\" sizes=\"auto, (max-width: 960px) 100vw, 960px\" \/><\/a><\/p>\n<p><a href=\"http:\/\/radiostargjilan.com\/web\/2018\/09\/02\/xhamia-e-lagjes-dardania-ne-qytetin-e-gjilanit-dhuron-237-canta-shkollore\/92e0c73a-2bda-49d0-949b-20748c745656\/\" rel=\"attachment wp-att-24089\"><img loading=\"lazy\" loading=\"lazy\" decoding=\"async\" src=\"http:\/\/radiostargjilan.com\/web\/wp-content\/uploads\/2018\/09\/92E0C73A-2BDA-49D0-949B-20748C745656.jpeg\" alt=\"\" width=\"960\" height=\"800\" class=\"aligncenter size-full wp-image-24089\" srcset=\"https:\/\/radiostargjilan.com\/web\/wp-content\/uploads\/2018\/09\/92E0C73A-2BDA-49D0-949B-20748C745656.jpeg 960w, https:\/\/radiostargjilan.com\/web\/wp-content\/uploads\/2018\/09\/92E0C73A-2BDA-49D0-949B-20748C745656-600x500.jpeg 600w, https:\/\/radiostargjilan.com\/web\/wp-content\/uploads\/2018\/09\/92E0C73A-2BDA-49D0-949B-20748C745656-300x250.jpeg 300w, https:\/\/radiostargjilan.com\/web\/wp-content\/uploads\/2018\/09\/92E0C73A-2BDA-49D0-949B-20748C745656-768x640.jpeg 768w\" sizes=\"auto, (max-width: 960px) 100vw, 960px\" \/><\/a><\/p>\n","protected":false},"excerpt":{"rendered":"<p>Esselamu alejkum! V\u00ebllez\u00ebr t\u00eb dashur, Nga kontributi i t\u00eb gjith\u00eb Neve, p\u00ebr aktivitetin vullnetar\u00eb, t\u00eb titulluar: \u201cNga l\u00ebmosha rrjedh\u00ebse, \u00ebsht\u00eb edhe kontributi p\u00ebr k\u00ebrkuesit e dituris\u00eb (NX\u00cbN\u00cbSIT)\u201d &#8211; \u00c7ANTA SHKOLLORE &#8211; Andaj, ju njoftojm\u00eb, se, ky aktivitet q\u00eb nga fillimi, ka qen\u00eb i koordinuar me shum\u00eb t\u00eb rinj t\u00eb qytetit ton\u00eb (Gjilanit), e t\u00eb cil\u00ebt [&hellip;]<\/p>\n","protected":false},"author":1,"featured_media":24088,"comment_status":"closed","ping_status":"closed","sticky":false,"template":"","format":"standard","meta":{"footnotes":""},"categories":[5],"tags":[],"class_list":{"0":"post-24087","1":"post","2":"type-post","3":"status-publish","4":"format-standard","5":"has-post-thumbnail","7":"category-lajme"},"_links":{"self":[{"href":"https:\/\/radiostargjilan.com\/web\/wp-json\/wp\/v2\/posts\/24087","targetHints":{"allow":["GET"]}}],"collection":[{"href":"https:\/\/radiostargjilan.com\/web\/wp-json\/wp\/v2\/posts"}],"about":[{"href":"https:\/\/radiostargjilan.com\/web\/wp-json\/wp\/v2\/types\/post"}],"author":[{"embeddable":true,"href":"https:\/\/radiostargjilan.com\/web\/wp-json\/wp\/v2\/users\/1"}],"replies":[{"embeddable":true,"href":"https:\/\/radiostargjilan.com\/web\/wp-json\/wp\/v2\/comments?post=24087"}],"version-history":[{"count":0,"href":"https:\/\/radiostargjilan.com\/web\/wp-json\/wp\/v2\/posts\/24087\/revisions"}],"wp:featuredmedia":[{"embeddable":true,"href":"https:\/\/radiostargjilan.com\/web\/wp-json\/wp\/v2\/media\/24088"}],"wp:attachment":[{"href":"https:\/\/radiostargjilan.com\/web\/wp-json\/wp\/v2\/media?parent=24087"}],"wp:term":[{"taxonomy":"category","embeddable":true,"href":"https:\/\/radiostargjilan.com\/web\/wp-json\/wp\/v2\/categories?post=24087"},{"taxonomy":"post_tag","embeddable":true,"href":"https:\/\/radiostargjilan.com\/web\/wp-json\/wp\/v2\/tags?post=24087"}],"curies":[{"name":"wp","href":"https:\/\/api.w.org\/{rel}","templated":true}]}}