{"id":24156,"date":"2018-09-03T12:20:47","date_gmt":"2018-09-03T12:20:47","guid":{"rendered":"http:\/\/radiostargjilan.com\/web\/?p=24156"},"modified":"2018-09-03T12:20:47","modified_gmt":"2018-09-03T12:20:47","slug":"gjilani-e-nis-mbare-vitin-shkollor-2018-2019","status":"publish","type":"post","link":"https:\/\/radiostargjilan.com\/web\/gjilani-e-nis-mbare-vitin-shkollor-2018-2019\/","title":{"rendered":"Gjilani e nis mbar\u00eb vitin shkollor 2018\/2019"},"content":{"rendered":"<p>T\u00eb gjitha institucionet parashkollore, fillore dhe t\u00eb mesme n\u00eb komun\u00ebn e Gjilanit kan\u00eb filluar sot m\u00ebsimin me koh\u00eb, fal\u00eb p\u00ebrgatitjeve maratonike q\u00eb jan\u00eb b\u00ebr\u00eb jav\u00ebve t\u00eb fundit.<\/p>\n<p>Kryetari i Komun\u00ebs, Lutfi Haziri, s\u00eb bashku me drejtorin e DKA\u2019s\u00eb, Nazim Gagica, kan\u00eb vizituar shkoll\u00ebn fillore \u201cAbaz Ajeti\u201d, gjimnazin natyror \u201cXhavit Ahmeti\u201d dhe shkoll\u00ebn fillore \u201cSk\u00ebnderbeu\u201d n\u00eb P\u00ebrlepnic\u00eb, duke par\u00eb nga af\u00ebr procesin.<\/p>\n<p>\u201cN\u00eb p\u00ebrgjith\u00ebsi sot e kemi par\u00eb q\u00eb \u00ebsht\u00eb n\u00ebj fillim i mbar\u00eb i vitit shkollor 2018\/2019. Do t\u00eb punojm\u00eb n\u00eb mbylljen e problemeve t\u00eb vogla teknike, t\u00eb cilat jan\u00eb t\u00eb natyrshme si pjes\u00eb e pun\u00ebs. Detyrimisht, ky \u00ebsht\u00eb nj\u00ebri prej viteve m\u00eb t\u00eb p\u00ebrgatitura dhe m\u00eb t\u00eb mbara q\u00eb po e fillojm\u00eb. Palestrat dhe sallat sportive jan\u00eb t\u00eb furnizuara. Shkolla n\u00eb P\u00ebrlepnic\u00eb dhe n\u00eb Bresalc jan\u00eb parapar\u00eb q\u00eb t\u00eb renovohen totalisht n\u00eb kuad\u00ebr t\u00eb projektit t\u00eb efi\u00e7ienc\u00ebs  s\u00eb energjis\u00eb elektrike me donator\u00ebt. Urime dhe suksese p\u00ebr nx\u00ebn\u00ebsit, m\u00ebsimdh\u00ebn\u00ebsit e prind\u00ebrit\u201d, ka th\u00ebn\u00eb kryetari Haziri, gjat\u00eb vizit\u00ebs q\u00eb u ka b\u00ebr\u00eb k\u00ebtyre shkollave.<\/p>\n<p>Haziri konfirmoi se shkolla e mesme e artit do t\u00eb finalizohet me nj\u00eb dinamik\u00eb m\u00eb t\u00eb madhe, sikurse edhe ajo n\u00eb Haxhaj, duke shtuar s\u00eb n\u00eb vitin e ardhsh\u00ebm nis nd\u00ebrtimi i shkoll\u00ebs fillore n\u00eb qytet.<\/p>\n<p>Drejtori i Drejtoris\u00eb Komunale t\u00eb Arsimit, Nazim Gagica, ka njoftuar se t\u00eb gjith\u00eb nx\u00ebn\u00ebsit nga klasa e par\u00eb e deri n\u00eb t\u00eb n\u00ebnt\u00ebn jan\u00eb pajisur me tekstet shkollore.<\/p>\n<p>\u201cProcesi m\u00ebsimor n\u00eb t\u00eb gjitha shkollat ka filluar me rregull dhe konsideroj se n\u00eb k\u00ebt\u00eb vit shkollor kemi hyr\u00eb mjaft t\u00eb p\u00ebrgatitur. 11 mij\u00eb e 724 nx\u00ebn\u00ebs jan\u00eb pajisur me tekstet shkollore falas dhe k\u00ebt\u00eb vit risia \u00ebsht\u00eb q\u00eb tekstet u jan\u00eb dh\u00ebn\u00eb edhe nx\u00ebn\u00ebsve t\u00eb klasave t\u00eb n\u00ebnta. K\u00ebt\u00eb vit kemi filluar edhe me furnizim me koh\u00eb t\u00eb ditar\u00ebve q\u00eb n\u00eb dit\u00ebn e par\u00eb dhe gjith\u00eb procesi po ec\u00ebn mir\u00eb. Uroj nx\u00ebn\u00ebsit, m\u00ebsimdh\u00ebn\u00ebsit dhe nx\u00ebn\u00ebsit\u201d, ka th\u00ebn\u00eb Gagica.<\/p>\n<p>Drejtori i shkoll\u00ebs fillore \u201cSkend\u00ebrbeu\u201d n\u00eb P\u00ebrlepnic\u00eb, Fidan Shaqiri, drejtori i shkoll\u00ebs fillore \u201cAbaz Ajeti\u201d, Arsim<br \/>\nBejtullahu dhe ai i gjimnazit natyror, Bekim Mustafa, e kan\u00eb fal\u00ebnderuar kryetarin Haziri p\u00ebr vizit\u00ebn dhe mb\u00ebshtetjen e madhe p\u00ebr sektorin e arsimit. <\/p>\n","protected":false},"excerpt":{"rendered":"<p>T\u00eb gjitha institucionet parashkollore, fillore dhe t\u00eb mesme n\u00eb komun\u00ebn e Gjilanit kan\u00eb filluar sot m\u00ebsimin me koh\u00eb, fal\u00eb p\u00ebrgatitjeve maratonike q\u00eb jan\u00eb b\u00ebr\u00eb jav\u00ebve t\u00eb fundit. Kryetari i Komun\u00ebs, Lutfi Haziri, s\u00eb bashku me drejtorin e DKA\u2019s\u00eb, Nazim Gagica, kan\u00eb vizituar shkoll\u00ebn fillore \u201cAbaz Ajeti\u201d, gjimnazin natyror \u201cXhavit Ahmeti\u201d dhe shkoll\u00ebn fillore \u201cSk\u00ebnderbeu\u201d n\u00eb [&hellip;]<\/p>\n","protected":false},"author":1,"featured_media":24157,"comment_status":"closed","ping_status":"closed","sticky":false,"template":"","format":"standard","meta":{"footnotes":""},"categories":[5],"tags":[],"class_list":{"0":"post-24156","1":"post","2":"type-post","3":"status-publish","4":"format-standard","5":"has-post-thumbnail","7":"category-lajme"},"_links":{"self":[{"href":"https:\/\/radiostargjilan.com\/web\/wp-json\/wp\/v2\/posts\/24156","targetHints":{"allow":["GET"]}}],"collection":[{"href":"https:\/\/radiostargjilan.com\/web\/wp-json\/wp\/v2\/posts"}],"about":[{"href":"https:\/\/radiostargjilan.com\/web\/wp-json\/wp\/v2\/types\/post"}],"author":[{"embeddable":true,"href":"https:\/\/radiostargjilan.com\/web\/wp-json\/wp\/v2\/users\/1"}],"replies":[{"embeddable":true,"href":"https:\/\/radiostargjilan.com\/web\/wp-json\/wp\/v2\/comments?post=24156"}],"version-history":[{"count":0,"href":"https:\/\/radiostargjilan.com\/web\/wp-json\/wp\/v2\/posts\/24156\/revisions"}],"wp:featuredmedia":[{"embeddable":true,"href":"https:\/\/radiostargjilan.com\/web\/wp-json\/wp\/v2\/media\/24157"}],"wp:attachment":[{"href":"https:\/\/radiostargjilan.com\/web\/wp-json\/wp\/v2\/media?parent=24156"}],"wp:term":[{"taxonomy":"category","embeddable":true,"href":"https:\/\/radiostargjilan.com\/web\/wp-json\/wp\/v2\/categories?post=24156"},{"taxonomy":"post_tag","embeddable":true,"href":"https:\/\/radiostargjilan.com\/web\/wp-json\/wp\/v2\/tags?post=24156"}],"curies":[{"name":"wp","href":"https:\/\/api.w.org\/{rel}","templated":true}]}}