{"id":242719,"date":"2026-08-31T07:28:23","date_gmt":"2026-08-31T05:28:23","guid":{"rendered":"https:\/\/radiostargjilan.com\/web\/?p=242719"},"modified":"2026-08-31T07:28:23","modified_gmt":"2026-08-31T05:28:23","slug":"shba-godet-ishullin-larak-ne-iran-tensionet-rriten-ne-ngushticen-e-hormuzit","status":"publish","type":"post","link":"https:\/\/radiostargjilan.com\/web\/shba-godet-ishullin-larak-ne-iran-tensionet-rriten-ne-ngushticen-e-hormuzit\/","title":{"rendered":"ShBA godet ishullin Larak n\u00eb Iran, tensionet rriten n\u00eb Ngushtic\u00ebn e Hormuzit"},"content":{"rendered":"<p>Forcat amerikane kan\u00eb kryer t\u00eb diel\u00ebn sulme ndaj dy l\u00ebshuesve iranian\u00eb n\u00eb ishullin Larak, pran\u00eb ngushtic\u00ebs strategjike t\u00eb Hormuzit, pasi ushtria amerikane kishte v\u00ebrejtur p\u00ebrgatitje p\u00ebr l\u00ebshimin e raketave me mina n\u00eb nj\u00eb prej rrug\u00ebve m\u00eb t\u00eb r\u00ebnd\u00ebsishme detare n\u00eb bot\u00eb.<\/p>\n<p>Sipas nj\u00eb zyrtari amerikan, t\u00eb cituar nga CNN, b\u00ebhet fjal\u00eb p\u00ebr sulmet e para amerikane ndaj objektivave n\u00eb Iran pas m\u00eb shum\u00eb se nj\u00eb muaji.<\/p>\n<p>Banor\u00ebt e zon\u00ebs raportuan se d\u00ebgjuan nj\u00eb shp\u00ebrthim pran\u00eb ishullit Larak t\u00eb diel\u00ebn. Lajmi u raportua edhe nga agjencia gjysm\u00ebzyrtare iraniane Fars.<\/p>\n<p>Ishulli Larak ndodhet pran\u00eb Ngushtic\u00ebs s\u00eb Hormuzit, nj\u00eb korridor jetik p\u00ebr transportin nd\u00ebrkomb\u00ebtar t\u00eb naft\u00ebs dhe mallrave, i cili prej koh\u00ebsh \u00ebsht\u00eb n\u00eb qend\u00ebr t\u00eb tensioneve mes Iranit dhe Shteteve t\u00eb Bashkuara.<\/p>\n","protected":false},"excerpt":{"rendered":"<p>Forcat amerikane kan\u00eb kryer t\u00eb diel\u00ebn sulme ndaj dy l\u00ebshuesve iranian\u00eb n\u00eb ishullin Larak, pran\u00eb ngushtic\u00ebs strategjike t\u00eb Hormuzit, pasi ushtria amerikane kishte v\u00ebrejtur p\u00ebrgatitje p\u00ebr l\u00ebshimin e raketave me mina n\u00eb nj\u00eb prej rrug\u00ebve m\u00eb t\u00eb r\u00ebnd\u00ebsishme detare n\u00eb bot\u00eb. Sipas nj\u00eb zyrtari amerikan, t\u00eb cituar nga CNN, b\u00ebhet fjal\u00eb p\u00ebr sulmet e para [&hellip;]<\/p>\n","protected":false},"author":1,"featured_media":242720,"comment_status":"closed","ping_status":"closed","sticky":false,"template":"","format":"standard","meta":{"footnotes":""},"categories":[5],"tags":[],"tmauthors":[136],"class_list":["post-242719","post","type-post","status-publish","format-standard","has-post-thumbnail","category-lajme"],"_links":{"self":[{"href":"https:\/\/radiostargjilan.com\/web\/wp-json\/wp\/v2\/posts\/242719","targetHints":{"allow":["GET"]}}],"collection":[{"href":"https:\/\/radiostargjilan.com\/web\/wp-json\/wp\/v2\/posts"}],"about":[{"href":"https:\/\/radiostargjilan.com\/web\/wp-json\/wp\/v2\/types\/post"}],"author":[{"embeddable":true,"href":"https:\/\/radiostargjilan.com\/web\/wp-json\/wp\/v2\/users\/1"}],"replies":[{"embeddable":true,"href":"https:\/\/radiostargjilan.com\/web\/wp-json\/wp\/v2\/comments?post=242719"}],"version-history":[{"count":1,"href":"https:\/\/radiostargjilan.com\/web\/wp-json\/wp\/v2\/posts\/242719\/revisions"}],"predecessor-version":[{"id":242721,"href":"https:\/\/radiostargjilan.com\/web\/wp-json\/wp\/v2\/posts\/242719\/revisions\/242721"}],"wp:featuredmedia":[{"embeddable":true,"href":"https:\/\/radiostargjilan.com\/web\/wp-json\/wp\/v2\/media\/242720"}],"wp:attachment":[{"href":"https:\/\/radiostargjilan.com\/web\/wp-json\/wp\/v2\/media?parent=242719"}],"wp:term":[{"taxonomy":"category","embeddable":true,"href":"https:\/\/radiostargjilan.com\/web\/wp-json\/wp\/v2\/categories?post=242719"},{"taxonomy":"post_tag","embeddable":true,"href":"https:\/\/radiostargjilan.com\/web\/wp-json\/wp\/v2\/tags?post=242719"},{"taxonomy":"tmauthors","embeddable":true,"href":"https:\/\/radiostargjilan.com\/web\/wp-json\/wp\/v2\/tmauthors?post=242719"}],"curies":[{"name":"wp","href":"https:\/\/api.w.org\/{rel}","templated":true}]}}