{"id":242726,"date":"2026-08-31T08:00:49","date_gmt":"2026-08-31T06:00:49","guid":{"rendered":"https:\/\/radiostargjilan.com\/web\/?p=242726"},"modified":"2026-08-31T08:00:49","modified_gmt":"2026-08-31T06:00:49","slug":"kurti-abdixhiku-drejt-marreveshjes-per-presidentin-haxhiu-optimiste-deputeti-i-vv-se-shpreh-dyshime-pdk-e-aak-kritikojne-takimet","status":"publish","type":"post","link":"https:\/\/radiostargjilan.com\/web\/kurti-abdixhiku-drejt-marreveshjes-per-presidentin-haxhiu-optimiste-deputeti-i-vv-se-shpreh-dyshime-pdk-e-aak-kritikojne-takimet\/","title":{"rendered":"Kurti-Abdixhiku drejt marr\u00ebveshjes p\u00ebr presidentin? Haxhiu optimiste, deputeti i VV-s\u00eb shpreh dyshime, PDK e AAK kritikojn\u00eb takimet"},"content":{"rendered":"<p>Takimet mes kryetarit t\u00eb L\u00ebvizjes Vet\u00ebvendosje, Albin Kurti, dhe kryetarit t\u00eb Lidhjes Demokratike t\u00eb Kosov\u00ebs, Lumir Abdixhiku, p\u00ebr \u00e7\u00ebshtjen e zgjedhjes s\u00eb presidentit po shoq\u00ebrohen me sinjale p\u00ebr nj\u00eb marr\u00ebveshje, por ende mbeten pik\u00ebpyetje n\u00ebse nj\u00eb dakordim i mundsh\u00ebm do t\u00eb siguroj\u00eb votat e nevojshme n\u00eb Kuvend.<\/p>\n<p>Kurti dhe Abdixhiku u takuan s\u00ebrish t\u00eb shtun\u00ebn n\u00eb mbr\u00ebmje, n\u00eb kuad\u00ebr t\u00eb p\u00ebrpjekjeve p\u00ebr t\u00eb gjetur nj\u00eb kandidat konsensual p\u00ebr presidentin e vendit. Pas takimit, pal\u00ebt nuk dhan\u00eb detaje dhe nuk pati konferenc\u00eb p\u00ebr media.<\/p>\n<p>Ushtruesja e detyr\u00ebs s\u00eb presidentes, Albulena Haxhiu, \u00ebsht\u00eb shprehur optimiste se k\u00ebto takime mund t\u00eb p\u00ebrfundojn\u00eb me rezultate konkrete.<\/p>\n<p>\u201cJam optimiste q\u00eb do t\u00eb kemi rezultate pozitive dhe presim q\u00eb kjo t\u00eb konfirmohet nga L\u00ebvizja Vet\u00ebvendosje, p\u00ebrkat\u00ebsisht kryetari i saj, kryeministri Albin Kurti, dhe n\u00eb an\u00ebn tjet\u00ebr kryetari i LDK-s\u00eb, zot\u00ebri Lumir Abdixhiku. Uroj q\u00eb marr\u00ebveshja t\u00eb p\u00ebrmbyllet sa m\u00eb par\u00eb, p\u00ebr shkak se \u00ebsht\u00eb shum\u00eb e r\u00ebnd\u00ebsishme q\u00eb t\u00eb ecim p\u00ebrpara\u201d, ka deklaruar Haxhiu.<\/p>\n<p>Megjithat\u00eb, deputeti i LVV-s\u00eb, Adnan Rrustemi, ka ngritur nj\u00eb tjet\u00ebr \u00e7\u00ebshtje: garantimin e votave t\u00eb deputet\u00ebve t\u00eb LDK-s\u00eb n\u00eb rast t\u00eb arritjes s\u00eb marr\u00ebveshjes.<\/p>\n<p>Sipas tij, Abdixhiku duhet ta menaxhoj\u00eb grupin parlamentar t\u00eb partis\u00eb s\u00eb tij dhe t\u00eb siguroj\u00eb zbatimin e marr\u00ebveshjes n\u00eb Kuvend.<\/p>\n<p>\u201cNe e trajtojm\u00eb formalisht si kryetar t\u00eb LDK-s\u00eb. I mbetet zotit Abdixhiku ta menaxhoj\u00eb grupin e tij parlamentar dhe, n\u00eb momentin kur dakordohet p\u00ebr emrin, t\u00eb garantoj\u00eb edhe implementimin e k\u00ebsaj marr\u00ebveshjeje nga pozicioni i LDK-s\u00eb\u201d, ka th\u00ebn\u00eb Rrustemi.<\/p>\n<p>Nd\u00ebrkoh\u00eb, m\u00ebnyra se si po zhvillohen takimet mes Kurtit dhe Abdixhikut \u00ebsht\u00eb kritikuar nga opozita.<\/p>\n<p>Deputeti i PDK-s\u00eb, Arian Tahiri, ka k\u00ebrkuar q\u00eb \u00e7\u00ebshtja e presidentit t\u00eb trajtohet n\u00eb Kuvend dhe jo p\u00ebrmes takimeve t\u00eb mbyllura.<\/p>\n<p>\u201cPse nuk po e gjejn\u00eb kandidatin p\u00ebr president? Pse nuk po vjen n\u00eb Kuvend, ta funksionalizoj\u00eb Kuvendin? Sepse presidenti q\u00eb do t\u00eb zgjidhet, zgjidhet nga ky Kuvend\u201d, ka deklaruar Tahiri.<\/p>\n<p>Edhe deputeti i Aleanc\u00ebs, Burim Ramadani, ka kritikuar munges\u00ebn e transparenc\u00ebs, duke th\u00ebn\u00eb se qytetar\u00ebt nuk po informohen se \u00e7far\u00eb p\u00ebrfitojn\u00eb nga k\u00ebto takime.<\/p>\n<p>\u201cCili \u00ebsht\u00eb p\u00ebrfitimi i popullit t\u00eb Kosov\u00ebs q\u00eb k\u00ebta po takohen n\u00eb or\u00ebt e mbr\u00ebmjes, n\u00eb or\u00eb t\u00eb vona? Krejt \u00e7ka flasin \u00ebsht\u00eb p\u00ebr poste\u201d, ka th\u00ebn\u00eb Ramadani.<\/p>\n<p>Nd\u00ebrkoh\u00eb, n\u00eb media \u00ebsht\u00eb raportuar se Kurti dhe Abdixhiku mund t\u00eb ken\u00eb gjetur konsensus rreth emrit t\u00eb ish-gjyqtarit t\u00eb Gjykat\u00ebs Kushtetuese, Bekim Sejdiu. Megjithat\u00eb, deri tani nuk ka pasur konfirmim zyrtar nga dy partit\u00eb.<\/p>\n","protected":false},"excerpt":{"rendered":"<p>Takimet mes kryetarit t\u00eb L\u00ebvizjes Vet\u00ebvendosje, Albin Kurti, dhe kryetarit t\u00eb Lidhjes Demokratike t\u00eb Kosov\u00ebs, Lumir Abdixhiku, p\u00ebr \u00e7\u00ebshtjen e zgjedhjes s\u00eb presidentit po shoq\u00ebrohen me sinjale p\u00ebr nj\u00eb marr\u00ebveshje, por ende mbeten pik\u00ebpyetje n\u00ebse nj\u00eb dakordim i mundsh\u00ebm do t\u00eb siguroj\u00eb votat e nevojshme n\u00eb Kuvend. Kurti dhe Abdixhiku u takuan s\u00ebrish t\u00eb shtun\u00ebn [&hellip;]<\/p>\n","protected":false},"author":1,"featured_media":242727,"comment_status":"closed","ping_status":"closed","sticky":false,"template":"","format":"standard","meta":{"footnotes":""},"categories":[5],"tags":[],"tmauthors":[136],"class_list":["post-242726","post","type-post","status-publish","format-standard","has-post-thumbnail","category-lajme"],"_links":{"self":[{"href":"https:\/\/radiostargjilan.com\/web\/wp-json\/wp\/v2\/posts\/242726","targetHints":{"allow":["GET"]}}],"collection":[{"href":"https:\/\/radiostargjilan.com\/web\/wp-json\/wp\/v2\/posts"}],"about":[{"href":"https:\/\/radiostargjilan.com\/web\/wp-json\/wp\/v2\/types\/post"}],"author":[{"embeddable":true,"href":"https:\/\/radiostargjilan.com\/web\/wp-json\/wp\/v2\/users\/1"}],"replies":[{"embeddable":true,"href":"https:\/\/radiostargjilan.com\/web\/wp-json\/wp\/v2\/comments?post=242726"}],"version-history":[{"count":1,"href":"https:\/\/radiostargjilan.com\/web\/wp-json\/wp\/v2\/posts\/242726\/revisions"}],"predecessor-version":[{"id":242728,"href":"https:\/\/radiostargjilan.com\/web\/wp-json\/wp\/v2\/posts\/242726\/revisions\/242728"}],"wp:featuredmedia":[{"embeddable":true,"href":"https:\/\/radiostargjilan.com\/web\/wp-json\/wp\/v2\/media\/242727"}],"wp:attachment":[{"href":"https:\/\/radiostargjilan.com\/web\/wp-json\/wp\/v2\/media?parent=242726"}],"wp:term":[{"taxonomy":"category","embeddable":true,"href":"https:\/\/radiostargjilan.com\/web\/wp-json\/wp\/v2\/categories?post=242726"},{"taxonomy":"post_tag","embeddable":true,"href":"https:\/\/radiostargjilan.com\/web\/wp-json\/wp\/v2\/tags?post=242726"},{"taxonomy":"tmauthors","embeddable":true,"href":"https:\/\/radiostargjilan.com\/web\/wp-json\/wp\/v2\/tmauthors?post=242726"}],"curies":[{"name":"wp","href":"https:\/\/api.w.org\/{rel}","templated":true}]}}