{"id":242729,"date":"2026-08-31T08:13:38","date_gmt":"2026-08-31T06:13:38","guid":{"rendered":"https:\/\/radiostargjilan.com\/web\/?p=242729"},"modified":"2026-08-31T08:13:38","modified_gmt":"2026-08-31T06:13:38","slug":"pdk-dhe-aleanca-serish-bllokojne-hyrjen-e-qeverise-se-kosoves","status":"publish","type":"post","link":"https:\/\/radiostargjilan.com\/web\/pdk-dhe-aleanca-serish-bllokojne-hyrjen-e-qeverise-se-kosoves\/","title":{"rendered":"PDK dhe Aleanca s\u00ebrish bllokojn\u00eb hyrjen e Qeveris\u00eb s\u00eb Kosov\u00ebs"},"content":{"rendered":"<p>Deputet\u00ebt e PDK-s\u00eb dhe Aleanc\u00ebs, kan\u00eb bllokuar edhe sot hyrjen e Qeveris\u00eb. K\u00ebt\u00eb her\u00eb i jan\u00eb bashkuar edhe asamblist\u00eb, drejtor\u00eb e aktivist\u00eb t\u00eb PDK-s\u00eb nga komuna e Sk\u00ebnderajt dhe Istogut.<\/p>\n<p>Ata n\u00eb or\u00ebt e m\u00ebngjesit kan\u00eb shkuar para objektit t\u00eb Qeveris\u00eb.<\/p>\n<p>Ndryshe edhe jav\u00ebt e kaluara, deputet\u00ebt e k\u00ebsaj partie kan\u00eb bllokuar hyrjen e Qeveris\u00eb.<\/p>\n","protected":false},"excerpt":{"rendered":"<p>Deputet\u00ebt e PDK-s\u00eb dhe Aleanc\u00ebs, kan\u00eb bllokuar edhe sot hyrjen e Qeveris\u00eb. K\u00ebt\u00eb her\u00eb i jan\u00eb bashkuar edhe asamblist\u00eb, drejtor\u00eb e aktivist\u00eb t\u00eb PDK-s\u00eb nga komuna e Sk\u00ebnderajt dhe Istogut. Ata n\u00eb or\u00ebt e m\u00ebngjesit kan\u00eb shkuar para objektit t\u00eb Qeveris\u00eb. Ndryshe edhe jav\u00ebt e kaluara, deputet\u00ebt e k\u00ebsaj partie kan\u00eb bllokuar hyrjen e Qeveris\u00eb.<\/p>\n","protected":false},"author":1,"featured_media":242730,"comment_status":"closed","ping_status":"closed","sticky":false,"template":"","format":"standard","meta":{"footnotes":""},"categories":[5],"tags":[],"tmauthors":[136],"class_list":["post-242729","post","type-post","status-publish","format-standard","has-post-thumbnail","category-lajme"],"_links":{"self":[{"href":"https:\/\/radiostargjilan.com\/web\/wp-json\/wp\/v2\/posts\/242729","targetHints":{"allow":["GET"]}}],"collection":[{"href":"https:\/\/radiostargjilan.com\/web\/wp-json\/wp\/v2\/posts"}],"about":[{"href":"https:\/\/radiostargjilan.com\/web\/wp-json\/wp\/v2\/types\/post"}],"author":[{"embeddable":true,"href":"https:\/\/radiostargjilan.com\/web\/wp-json\/wp\/v2\/users\/1"}],"replies":[{"embeddable":true,"href":"https:\/\/radiostargjilan.com\/web\/wp-json\/wp\/v2\/comments?post=242729"}],"version-history":[{"count":1,"href":"https:\/\/radiostargjilan.com\/web\/wp-json\/wp\/v2\/posts\/242729\/revisions"}],"predecessor-version":[{"id":242731,"href":"https:\/\/radiostargjilan.com\/web\/wp-json\/wp\/v2\/posts\/242729\/revisions\/242731"}],"wp:featuredmedia":[{"embeddable":true,"href":"https:\/\/radiostargjilan.com\/web\/wp-json\/wp\/v2\/media\/242730"}],"wp:attachment":[{"href":"https:\/\/radiostargjilan.com\/web\/wp-json\/wp\/v2\/media?parent=242729"}],"wp:term":[{"taxonomy":"category","embeddable":true,"href":"https:\/\/radiostargjilan.com\/web\/wp-json\/wp\/v2\/categories?post=242729"},{"taxonomy":"post_tag","embeddable":true,"href":"https:\/\/radiostargjilan.com\/web\/wp-json\/wp\/v2\/tags?post=242729"},{"taxonomy":"tmauthors","embeddable":true,"href":"https:\/\/radiostargjilan.com\/web\/wp-json\/wp\/v2\/tmauthors?post=242729"}],"curies":[{"name":"wp","href":"https:\/\/api.w.org\/{rel}","templated":true}]}}