{"id":242732,"date":"2026-08-31T08:15:56","date_gmt":"2026-08-31T06:15:56","guid":{"rendered":"https:\/\/radiostargjilan.com\/web\/?p=242732"},"modified":"2026-08-31T08:15:56","modified_gmt":"2026-08-31T06:15:56","slug":"koloneli-i-kfor-it-takon-drejtorin-e-qendres-rajonale-te-osbe-se-ne-peje","status":"publish","type":"post","link":"https:\/\/radiostargjilan.com\/web\/koloneli-i-kfor-it-takon-drejtorin-e-qendres-rajonale-te-osbe-se-ne-peje\/","title":{"rendered":"Koloneli i KFOR-it takon drejtorin e Qendr\u00ebs Rajonale t\u00eb OSBE-s\u00eb n\u00eb Pej\u00eb"},"content":{"rendered":"<p>Komandanti i Komand\u00ebs Rajonale Per\u00ebndimore (RC-W) t\u00eb misionit t\u00eb KFOR-it, koloneli Giuseppe De Blasi, ka pritur n\u00eb takim drejtorin e Qendr\u00ebs Rajonale t\u00eb OSBE-s\u00eb n\u00eb Pej\u00eb, Cristiano Barale.<\/p>\n<p>Sipas njoftimit, gjat\u00eb takimit \u00ebsht\u00eb diskutuar p\u00ebr situat\u00ebn e siguris\u00eb n\u00eb zon\u00ebn e p\u00ebrgjegj\u00ebsis\u00eb s\u00eb Komand\u00ebs Rajonale Per\u00ebndimore, si dhe p\u00ebr \u00e7\u00ebshtjet q\u00eb prekin qytetar\u00ebt n\u00eb k\u00ebt\u00eb pjes\u00eb t\u00eb Kosov\u00ebs.<\/p>\n<p>N\u00eb fokus t\u00eb bised\u00ebs kan\u00eb qen\u00eb gjithashtu mund\u00ebsit\u00eb p\u00ebr forcimin e bashk\u00ebpunimit dhe shk\u00ebmbimin e q\u00ebndrimeve lidhur me \u00e7\u00ebshtje me interes t\u00eb p\u00ebrbashk\u00ebt.<\/p>\n","protected":false},"excerpt":{"rendered":"<p>Komandanti i Komand\u00ebs Rajonale Per\u00ebndimore (RC-W) t\u00eb misionit t\u00eb KFOR-it, koloneli Giuseppe De Blasi, ka pritur n\u00eb takim drejtorin e Qendr\u00ebs Rajonale t\u00eb OSBE-s\u00eb n\u00eb Pej\u00eb, Cristiano Barale. Sipas njoftimit, gjat\u00eb takimit \u00ebsht\u00eb diskutuar p\u00ebr situat\u00ebn e siguris\u00eb n\u00eb zon\u00ebn e p\u00ebrgjegj\u00ebsis\u00eb s\u00eb Komand\u00ebs Rajonale Per\u00ebndimore, si dhe p\u00ebr \u00e7\u00ebshtjet q\u00eb prekin qytetar\u00ebt n\u00eb k\u00ebt\u00eb [&hellip;]<\/p>\n","protected":false},"author":1,"featured_media":242733,"comment_status":"closed","ping_status":"closed","sticky":false,"template":"","format":"standard","meta":{"footnotes":""},"categories":[5],"tags":[],"tmauthors":[136],"class_list":["post-242732","post","type-post","status-publish","format-standard","has-post-thumbnail","category-lajme"],"_links":{"self":[{"href":"https:\/\/radiostargjilan.com\/web\/wp-json\/wp\/v2\/posts\/242732","targetHints":{"allow":["GET"]}}],"collection":[{"href":"https:\/\/radiostargjilan.com\/web\/wp-json\/wp\/v2\/posts"}],"about":[{"href":"https:\/\/radiostargjilan.com\/web\/wp-json\/wp\/v2\/types\/post"}],"author":[{"embeddable":true,"href":"https:\/\/radiostargjilan.com\/web\/wp-json\/wp\/v2\/users\/1"}],"replies":[{"embeddable":true,"href":"https:\/\/radiostargjilan.com\/web\/wp-json\/wp\/v2\/comments?post=242732"}],"version-history":[{"count":1,"href":"https:\/\/radiostargjilan.com\/web\/wp-json\/wp\/v2\/posts\/242732\/revisions"}],"predecessor-version":[{"id":242734,"href":"https:\/\/radiostargjilan.com\/web\/wp-json\/wp\/v2\/posts\/242732\/revisions\/242734"}],"wp:featuredmedia":[{"embeddable":true,"href":"https:\/\/radiostargjilan.com\/web\/wp-json\/wp\/v2\/media\/242733"}],"wp:attachment":[{"href":"https:\/\/radiostargjilan.com\/web\/wp-json\/wp\/v2\/media?parent=242732"}],"wp:term":[{"taxonomy":"category","embeddable":true,"href":"https:\/\/radiostargjilan.com\/web\/wp-json\/wp\/v2\/categories?post=242732"},{"taxonomy":"post_tag","embeddable":true,"href":"https:\/\/radiostargjilan.com\/web\/wp-json\/wp\/v2\/tags?post=242732"},{"taxonomy":"tmauthors","embeddable":true,"href":"https:\/\/radiostargjilan.com\/web\/wp-json\/wp\/v2\/tmauthors?post=242732"}],"curies":[{"name":"wp","href":"https:\/\/api.w.org\/{rel}","templated":true}]}}