{"id":242740,"date":"2026-08-31T09:42:06","date_gmt":"2026-08-31T07:42:06","guid":{"rendered":"https:\/\/radiostargjilan.com\/web\/?p=242740"},"modified":"2026-08-31T09:42:06","modified_gmt":"2026-08-31T07:42:06","slug":"pese-kadete-nga-kosova-diplomojne-ne-akademine-ushtarake-te-turqise","status":"publish","type":"post","link":"https:\/\/radiostargjilan.com\/web\/pese-kadete-nga-kosova-diplomojne-ne-akademine-ushtarake-te-turqise\/","title":{"rendered":"Pes\u00eb kadet\u00eb nga Kosova diplomojn\u00eb n\u00eb Akademin\u00eb Ushtarake t\u00eb Turqis\u00eb"},"content":{"rendered":"<p>Pes\u00eb kadet\u00eb nga Kosova kan\u00eb p\u00ebrfunduar me sukses shkollimin n\u00eb Akademin\u00eb Ushtarake t\u00eb Forcave t\u00eb Armatosura t\u00eb Republik\u00ebs s\u00eb Turqis\u00eb, pas pes\u00eb vitesh p\u00ebrgatitje dhe studimi.<\/p>\n<p>N\u00eb kuad\u00ebr t\u00eb ceremonis\u00eb s\u00eb diplomimit, u takuan dhe u uruan p\u00ebr p\u00ebrfundimin e suksessh\u00ebm t\u00eb studimeve n\u00ebntoger\u00ebt Ramadan Rexha, Gjergj Dreni, Altin Salihaj, Elm\u00eb Ramadani dhe Admirim Ismajli.<\/p>\n<p>Shkollimi i tyre ka zgjatur pes\u00eb vite, duke p\u00ebrfshir\u00eb nj\u00eb vit kurs p\u00ebrgatitor t\u00eb gjuh\u00ebs turke dhe kat\u00ebr vite studime ushtarake n\u00eb akademin\u00eb prestigjioze turke.<\/p>\n<p>Ministria e Mbrojtjes dhe Forca e Siguris\u00eb s\u00eb Kosov\u00ebs e konsiderojn\u00eb zhvillimin profesional t\u00eb kuadrove ushtarake nj\u00eb nga prioritetet kryesore n\u00eb nd\u00ebrtimin e nj\u00eb force moderne dhe profesionale.<\/p>\n<p>Shkollimi i oficer\u00ebve t\u00eb FSK-s\u00eb n\u00eb akademit\u00eb e vendeve partnere kontribuon gjithashtu n\u00eb forcimin e bashk\u00ebpunimit dhe nd\u00ebrveprueshm\u00ebris\u00eb nd\u00ebrmjet FSK-s\u00eb dhe forcave t\u00eb armatosura t\u00eb vendeve partnere.<\/p>\n<p>Republika e Kosov\u00ebs shpreh mir\u00ebnjohje p\u00ebr Republik\u00ebn e Turqis\u00eb p\u00ebr mb\u00ebshtetjen e vazhdueshme n\u00eb arsimimin dhe zhvillimin profesional t\u00eb pjes\u00ebtar\u00ebve t\u00eb FSK-s\u00eb. Pes\u00eb oficer\u00ebt pritet q\u00eb njohurit\u00eb dhe p\u00ebrvoj\u00ebn e fituar t\u2019i v\u00ebn\u00eb n\u00eb sh\u00ebrbim t\u00eb Forc\u00ebs s\u00eb Siguris\u00eb s\u00eb Kosov\u00ebs dhe Republik\u00ebs s\u00eb Kosov\u00ebs.<\/p>\n","protected":false},"excerpt":{"rendered":"<p>Pes\u00eb kadet\u00eb nga Kosova kan\u00eb p\u00ebrfunduar me sukses shkollimin n\u00eb Akademin\u00eb Ushtarake t\u00eb Forcave t\u00eb Armatosura t\u00eb Republik\u00ebs s\u00eb Turqis\u00eb, pas pes\u00eb vitesh p\u00ebrgatitje dhe studimi. N\u00eb kuad\u00ebr t\u00eb ceremonis\u00eb s\u00eb diplomimit, u takuan dhe u uruan p\u00ebr p\u00ebrfundimin e suksessh\u00ebm t\u00eb studimeve n\u00ebntoger\u00ebt Ramadan Rexha, Gjergj Dreni, Altin Salihaj, Elm\u00eb Ramadani dhe Admirim Ismajli. [&hellip;]<\/p>\n","protected":false},"author":1,"featured_media":242741,"comment_status":"closed","ping_status":"closed","sticky":false,"template":"","format":"standard","meta":{"footnotes":""},"categories":[5],"tags":[],"tmauthors":[136],"class_list":["post-242740","post","type-post","status-publish","format-standard","has-post-thumbnail","category-lajme"],"_links":{"self":[{"href":"https:\/\/radiostargjilan.com\/web\/wp-json\/wp\/v2\/posts\/242740","targetHints":{"allow":["GET"]}}],"collection":[{"href":"https:\/\/radiostargjilan.com\/web\/wp-json\/wp\/v2\/posts"}],"about":[{"href":"https:\/\/radiostargjilan.com\/web\/wp-json\/wp\/v2\/types\/post"}],"author":[{"embeddable":true,"href":"https:\/\/radiostargjilan.com\/web\/wp-json\/wp\/v2\/users\/1"}],"replies":[{"embeddable":true,"href":"https:\/\/radiostargjilan.com\/web\/wp-json\/wp\/v2\/comments?post=242740"}],"version-history":[{"count":1,"href":"https:\/\/radiostargjilan.com\/web\/wp-json\/wp\/v2\/posts\/242740\/revisions"}],"predecessor-version":[{"id":242742,"href":"https:\/\/radiostargjilan.com\/web\/wp-json\/wp\/v2\/posts\/242740\/revisions\/242742"}],"wp:featuredmedia":[{"embeddable":true,"href":"https:\/\/radiostargjilan.com\/web\/wp-json\/wp\/v2\/media\/242741"}],"wp:attachment":[{"href":"https:\/\/radiostargjilan.com\/web\/wp-json\/wp\/v2\/media?parent=242740"}],"wp:term":[{"taxonomy":"category","embeddable":true,"href":"https:\/\/radiostargjilan.com\/web\/wp-json\/wp\/v2\/categories?post=242740"},{"taxonomy":"post_tag","embeddable":true,"href":"https:\/\/radiostargjilan.com\/web\/wp-json\/wp\/v2\/tags?post=242740"},{"taxonomy":"tmauthors","embeddable":true,"href":"https:\/\/radiostargjilan.com\/web\/wp-json\/wp\/v2\/tmauthors?post=242740"}],"curies":[{"name":"wp","href":"https:\/\/api.w.org\/{rel}","templated":true}]}}