{"id":242743,"date":"2026-08-31T09:45:43","date_gmt":"2026-08-31T07:45:43","guid":{"rendered":"https:\/\/radiostargjilan.com\/web\/?p=242743"},"modified":"2026-08-31T09:45:43","modified_gmt":"2026-08-31T07:45:43","slug":"fadil-ademi-nis-aktivitet-per-nxenesit-ne-prag-te-vitit-te-ri-shkollor","status":"publish","type":"post","link":"https:\/\/radiostargjilan.com\/web\/fadil-ademi-nis-aktivitet-per-nxenesit-ne-prag-te-vitit-te-ri-shkollor\/","title":{"rendered":"Fadil Ademi nis aktivitet p\u00ebr nx\u00ebn\u00ebsit n\u00eb prag t\u00eb vitit t\u00eb ri shkollor"},"content":{"rendered":"<p>N\u00eb prag t\u00eb fillimit t\u00eb vitit t\u00eb ri shkollor, asamblisti i Kuvendit Komunal t\u00eb Gjilanit, Fadil Ademi, ka organizuar nj\u00eb aktivitet n\u00eb disa shkolla t\u00eb Komun\u00ebs s\u00eb Gjilanit, me q\u00ebllim t\u00eb ofrimit t\u00eb pijeve freskuese p\u00ebr nx\u00ebn\u00ebsit.<\/p>\n<p>Aktiviteti \u00ebsht\u00eb realizuar n\u00eb bashk\u00ebpunim me kompanit\u00eb Uji Trepika, Jaffa Plus dhe Uji Dea, t\u00eb cilat kan\u00eb mb\u00ebshtetur nism\u00ebn me produkte p\u00ebr nx\u00ebn\u00ebsit.<\/p>\n<p>Sipas organizator\u00ebve, iniciativa \u00ebsht\u00eb nd\u00ebrmarr\u00eb me synimin q\u00eb nx\u00ebn\u00ebsve t\u2019u krijohet nj\u00eb moment i k\u00ebndsh\u00ebm para fillimit t\u00eb vitit t\u00eb ri shkollor dhe t\u2019u p\u00ebrcillet nj\u00eb mesazh urimi p\u00ebr nj\u00eb vit t\u00eb suksessh\u00ebm.<\/p>\n<p>N\u00eb kuad\u00ebr t\u00eb aktivitetit jan\u00eb p\u00ebrfshir\u00eb disa institucione arsimore n\u00eb Komun\u00ebn e Gjilanit.<\/p>\n<p>Me produkte nga Jaffa Plus \u00ebsht\u00eb p\u00ebrfshir\u00eb shkolla n\u00eb Velekinc\u00eb, nd\u00ebrsa me Ujin Trepika shkollat \u201cThimi Mitko\u201d, \u201cSelami Hallaqi\u201d, \u201cSadullah Brestovci\u201d, \u201cAgim Ramadani\u201d n\u00eb Zheg\u00ebr dhe \u201cBajram Curri\u201d n\u00eb Shurdhan.<\/p>\n<p>Nd\u00ebrkaq, Uji Dea ka mb\u00ebshtetur nx\u00ebn\u00ebsit e shkollave \u201cAvdullah Tahiri\u201d n\u00eb Malishev\u00eb dhe \u201cAbaz Ajeti\u201d n\u00eb Arb\u00ebri.<\/p>\n<p>Ademi ka fal\u00ebnderuar kompanit\u00eb p\u00ebr mb\u00ebshtetjen e dh\u00ebn\u00eb n\u00eb realizimin e k\u00ebsaj nisme, duke vler\u00ebsuar bashk\u00ebpunimin me bizneset lokale n\u00eb aktivitete t\u00eb orientuara drejt komunitetit.<\/p>\n<p>N\u00eb p\u00ebrfundim t\u00eb aktivitetit, organizator\u00ebt u kan\u00eb uruar nx\u00ebn\u00ebsve nj\u00eb fillim t\u00eb mbar\u00eb t\u00eb vitit t\u00eb ri shkollor, duke u d\u00ebshiruar sukses dhe mbar\u00ebsi gjat\u00eb vitit shkollor.<\/p>\n","protected":false},"excerpt":{"rendered":"<p>N\u00eb prag t\u00eb fillimit t\u00eb vitit t\u00eb ri shkollor, asamblisti i Kuvendit Komunal t\u00eb Gjilanit, Fadil Ademi, ka organizuar nj\u00eb aktivitet n\u00eb disa shkolla t\u00eb Komun\u00ebs s\u00eb Gjilanit, me q\u00ebllim t\u00eb ofrimit t\u00eb pijeve freskuese p\u00ebr nx\u00ebn\u00ebsit. Aktiviteti \u00ebsht\u00eb realizuar n\u00eb bashk\u00ebpunim me kompanit\u00eb Uji Trepika, Jaffa Plus dhe Uji Dea, t\u00eb cilat kan\u00eb mb\u00ebshtetur [&hellip;]<\/p>\n","protected":false},"author":1,"featured_media":242744,"comment_status":"closed","ping_status":"closed","sticky":false,"template":"","format":"standard","meta":{"footnotes":""},"categories":[5],"tags":[],"tmauthors":[136],"class_list":["post-242743","post","type-post","status-publish","format-standard","has-post-thumbnail","category-lajme"],"_links":{"self":[{"href":"https:\/\/radiostargjilan.com\/web\/wp-json\/wp\/v2\/posts\/242743","targetHints":{"allow":["GET"]}}],"collection":[{"href":"https:\/\/radiostargjilan.com\/web\/wp-json\/wp\/v2\/posts"}],"about":[{"href":"https:\/\/radiostargjilan.com\/web\/wp-json\/wp\/v2\/types\/post"}],"author":[{"embeddable":true,"href":"https:\/\/radiostargjilan.com\/web\/wp-json\/wp\/v2\/users\/1"}],"replies":[{"embeddable":true,"href":"https:\/\/radiostargjilan.com\/web\/wp-json\/wp\/v2\/comments?post=242743"}],"version-history":[{"count":1,"href":"https:\/\/radiostargjilan.com\/web\/wp-json\/wp\/v2\/posts\/242743\/revisions"}],"predecessor-version":[{"id":242745,"href":"https:\/\/radiostargjilan.com\/web\/wp-json\/wp\/v2\/posts\/242743\/revisions\/242745"}],"wp:featuredmedia":[{"embeddable":true,"href":"https:\/\/radiostargjilan.com\/web\/wp-json\/wp\/v2\/media\/242744"}],"wp:attachment":[{"href":"https:\/\/radiostargjilan.com\/web\/wp-json\/wp\/v2\/media?parent=242743"}],"wp:term":[{"taxonomy":"category","embeddable":true,"href":"https:\/\/radiostargjilan.com\/web\/wp-json\/wp\/v2\/categories?post=242743"},{"taxonomy":"post_tag","embeddable":true,"href":"https:\/\/radiostargjilan.com\/web\/wp-json\/wp\/v2\/tags?post=242743"},{"taxonomy":"tmauthors","embeddable":true,"href":"https:\/\/radiostargjilan.com\/web\/wp-json\/wp\/v2\/tmauthors?post=242743"}],"curies":[{"name":"wp","href":"https:\/\/api.w.org\/{rel}","templated":true}]}}