{"id":242746,"date":"2026-08-31T09:49:33","date_gmt":"2026-08-31T07:49:33","guid":{"rendered":"https:\/\/radiostargjilan.com\/web\/?p=242746"},"modified":"2026-08-31T09:49:33","modified_gmt":"2026-08-31T07:49:33","slug":"sami-lushtaku-me-1-shtator-komunat-protestojne-para-qeverise-kerkohet-respektimi-i-kompetencave-lokale","status":"publish","type":"post","link":"https:\/\/radiostargjilan.com\/web\/sami-lushtaku-me-1-shtator-komunat-protestojne-para-qeverise-kerkohet-respektimi-i-kompetencave-lokale\/","title":{"rendered":"Sami Lushtaku: M\u00eb 1 shtator komunat protestojn\u00eb para Qeveris\u00eb, k\u00ebrkohet respektimi i kompetencave lokale"},"content":{"rendered":"<p>Kryetari i Komun\u00ebs s\u00eb Skenderajt, Sami Lushtaku, ka b\u00ebr\u00eb thirrje p\u00ebr pjes\u00ebmarrje n\u00eb protest\u00ebn e komunave t\u00eb Kosov\u00ebs, e cila do t\u00eb mbahet t\u00eb mart\u00ebn, m\u00eb 1 shtator, para nd\u00ebrtes\u00ebs s\u00eb Qeveris\u00eb s\u00eb Kosov\u00ebs.<\/p>\n<p>Protesta pritet t\u00eb nis\u00eb nga ora 11:00, nd\u00ebrsa sipas Lushtakut, q\u00ebllimi i saj \u00ebsht\u00eb mbrojtja e kompetencave dhe t\u00eb drejtave kushtetuese t\u00eb pushtetit lokal.<\/p>\n<p>Lushtaku ka kritikuar Qeverin\u00eb e Kosov\u00ebs p\u00ebr m\u00ebnyr\u00ebn se si, sipas tij, \u00ebsht\u00eb trajtuar \u00e7\u00ebshtja e Kontrat\u00ebs Kolektive, duke pretenduar se komunave u \u00ebsht\u00eb bartur nj\u00eb barr\u00eb e konsiderueshme financiare p\u00ebr obligime q\u00eb nuk burojn\u00eb nga vendimmarrja e tyre.<\/p>\n<p>Sipas tij, kjo situat\u00eb ka ndikuar n\u00eb buxhetet komunale dhe ka kufizuar mund\u00ebsit\u00eb p\u00ebr financimin e projekteve dhe sh\u00ebrbimeve publike, p\u00ebrfshir\u00eb investimet n\u00eb rrug\u00eb, shkolla, \u00e7erdhe dhe infrastruktur\u00eb.<\/p>\n<p>Ai ka ngritur shqet\u00ebsime edhe p\u00ebr ndryshimet e propozuara ligjore, t\u00eb cilat, sipas tij, rrezikojn\u00eb t\u00eb prekin kompetencat e komunave n\u00eb fusha si prona komunale, inspektorati dhe mbik\u00ebqyrja e tregut.<\/p>\n<p>\u201cKompetencat e komunave nuk jan\u00eb pron\u00eb e as nj\u00eb qeverie. Ato jan\u00eb t\u00eb garantuara me Kushtetut\u00eb dhe ligje\u201d, ka deklaruar Lushtaku.<\/p>\n<p>Ai ka theksuar se komunat p\u00ebrb\u00ebjn\u00eb nivelin e qeverisjes m\u00eb t\u00eb af\u00ebrt me qytetar\u00ebt dhe se p\u00ebrmbushja e p\u00ebrgjegj\u00ebsive lokale duhet t\u00eb shoq\u00ebrohet edhe me mb\u00ebshtetje t\u00eb mjaftueshme financiare.<\/p>\n<p>Lushtaku e ka cil\u00ebsuar protest\u00ebn e 1 shtatorit si nj\u00eb q\u00ebndrim t\u00eb p\u00ebrbashk\u00ebt t\u00eb komunave kund\u00ebr, si\u00e7 shprehet ai, centralizimit dhe bartjes s\u00eb obligimeve financiare te pushteti lokal pa mb\u00ebshtetje p\u00ebrkat\u00ebse buxhetore.<\/p>\n<p>Protesta do t\u00eb mbahet t\u00eb mart\u00ebn, m\u00eb 1 shtator, nga ora 11:00, para Qeveris\u00eb s\u00eb Kosov\u00ebs.<\/p>\n","protected":false},"excerpt":{"rendered":"<p>Kryetari i Komun\u00ebs s\u00eb Skenderajt, Sami Lushtaku, ka b\u00ebr\u00eb thirrje p\u00ebr pjes\u00ebmarrje n\u00eb protest\u00ebn e komunave t\u00eb Kosov\u00ebs, e cila do t\u00eb mbahet t\u00eb mart\u00ebn, m\u00eb 1 shtator, para nd\u00ebrtes\u00ebs s\u00eb Qeveris\u00eb s\u00eb Kosov\u00ebs. Protesta pritet t\u00eb nis\u00eb nga ora 11:00, nd\u00ebrsa sipas Lushtakut, q\u00ebllimi i saj \u00ebsht\u00eb mbrojtja e kompetencave dhe t\u00eb drejtave kushtetuese [&hellip;]<\/p>\n","protected":false},"author":1,"featured_media":242747,"comment_status":"closed","ping_status":"closed","sticky":false,"template":"","format":"standard","meta":{"footnotes":""},"categories":[5],"tags":[],"tmauthors":[136],"class_list":["post-242746","post","type-post","status-publish","format-standard","has-post-thumbnail","category-lajme"],"_links":{"self":[{"href":"https:\/\/radiostargjilan.com\/web\/wp-json\/wp\/v2\/posts\/242746","targetHints":{"allow":["GET"]}}],"collection":[{"href":"https:\/\/radiostargjilan.com\/web\/wp-json\/wp\/v2\/posts"}],"about":[{"href":"https:\/\/radiostargjilan.com\/web\/wp-json\/wp\/v2\/types\/post"}],"author":[{"embeddable":true,"href":"https:\/\/radiostargjilan.com\/web\/wp-json\/wp\/v2\/users\/1"}],"replies":[{"embeddable":true,"href":"https:\/\/radiostargjilan.com\/web\/wp-json\/wp\/v2\/comments?post=242746"}],"version-history":[{"count":1,"href":"https:\/\/radiostargjilan.com\/web\/wp-json\/wp\/v2\/posts\/242746\/revisions"}],"predecessor-version":[{"id":242748,"href":"https:\/\/radiostargjilan.com\/web\/wp-json\/wp\/v2\/posts\/242746\/revisions\/242748"}],"wp:featuredmedia":[{"embeddable":true,"href":"https:\/\/radiostargjilan.com\/web\/wp-json\/wp\/v2\/media\/242747"}],"wp:attachment":[{"href":"https:\/\/radiostargjilan.com\/web\/wp-json\/wp\/v2\/media?parent=242746"}],"wp:term":[{"taxonomy":"category","embeddable":true,"href":"https:\/\/radiostargjilan.com\/web\/wp-json\/wp\/v2\/categories?post=242746"},{"taxonomy":"post_tag","embeddable":true,"href":"https:\/\/radiostargjilan.com\/web\/wp-json\/wp\/v2\/tags?post=242746"},{"taxonomy":"tmauthors","embeddable":true,"href":"https:\/\/radiostargjilan.com\/web\/wp-json\/wp\/v2\/tmauthors?post=242746"}],"curies":[{"name":"wp","href":"https:\/\/api.w.org\/{rel}","templated":true}]}}