{"id":242752,"date":"2026-08-31T12:55:11","date_gmt":"2026-08-31T10:55:11","guid":{"rendered":"https:\/\/radiostargjilan.com\/web\/?p=242752"},"modified":"2026-08-31T12:55:11","modified_gmt":"2026-08-31T10:55:11","slug":"kurti-dhe-abdixhiku-takohen-sot","status":"publish","type":"post","link":"https:\/\/radiostargjilan.com\/web\/kurti-dhe-abdixhiku-takohen-sot\/","title":{"rendered":"Kurti dhe Abdixhiku takohen sot"},"content":{"rendered":"<p>Kryetari i Lidhjes Demokratike t\u00eb Kosov\u00ebs, Lumir Abdixhiku, \u00ebsht\u00eb par\u00eb duke hyr\u00eb n\u00eb Kuvendin e Kosov\u00ebs, ku pritet t\u00eb zhvilloj\u00eb takimin e radh\u00ebs me kryetarin e L\u00ebvizjes Vet\u00ebvendosje, Albin Kurtin.<\/p>\n<p>Takimi zhvillohet n\u00eb kuad\u00ebr t\u00eb p\u00ebrpjekjeve p\u00ebr tejkalimin e ng\u00ebr\u00e7it politik dhe arritjen e nj\u00eb marr\u00ebveshjeje p\u00ebr zgjedhjen e presidentit t\u00eb ri t\u00eb Kosov\u00ebs.<\/p>\n<p>Kurti dhe Abdixhiku jan\u00eb takuar disa her\u00eb gjat\u00eb dit\u00ebve t\u00eb fundit, nd\u00ebrsa n\u00eb fokus t\u00eb bisedimeve ka qen\u00eb gjetja e nj\u00eb zgjidhjeje p\u00ebr presidentin dhe shmangia e zgjedhjeve t\u00eb reja.<\/p>\n<p>Hyrja e Abdixhikut n\u00eb Kuvend sinjalizon nisjen e nj\u00eb tjet\u00ebr p\u00ebrpjekjeje p\u00ebr dakordim mes dy lider\u00ebve politik\u00eb.\/Gazeta10<\/p>\n","protected":false},"excerpt":{"rendered":"<p>Kryetari i Lidhjes Demokratike t\u00eb Kosov\u00ebs, Lumir Abdixhiku, \u00ebsht\u00eb par\u00eb duke hyr\u00eb n\u00eb Kuvendin e Kosov\u00ebs, ku pritet t\u00eb zhvilloj\u00eb takimin e radh\u00ebs me kryetarin e L\u00ebvizjes Vet\u00ebvendosje, Albin Kurtin. Takimi zhvillohet n\u00eb kuad\u00ebr t\u00eb p\u00ebrpjekjeve p\u00ebr tejkalimin e ng\u00ebr\u00e7it politik dhe arritjen e nj\u00eb marr\u00ebveshjeje p\u00ebr zgjedhjen e presidentit t\u00eb ri t\u00eb Kosov\u00ebs. Kurti [&hellip;]<\/p>\n","protected":false},"author":1,"featured_media":242753,"comment_status":"closed","ping_status":"closed","sticky":false,"template":"","format":"standard","meta":{"footnotes":""},"categories":[5],"tags":[],"tmauthors":[136],"class_list":["post-242752","post","type-post","status-publish","format-standard","has-post-thumbnail","category-lajme"],"_links":{"self":[{"href":"https:\/\/radiostargjilan.com\/web\/wp-json\/wp\/v2\/posts\/242752","targetHints":{"allow":["GET"]}}],"collection":[{"href":"https:\/\/radiostargjilan.com\/web\/wp-json\/wp\/v2\/posts"}],"about":[{"href":"https:\/\/radiostargjilan.com\/web\/wp-json\/wp\/v2\/types\/post"}],"author":[{"embeddable":true,"href":"https:\/\/radiostargjilan.com\/web\/wp-json\/wp\/v2\/users\/1"}],"replies":[{"embeddable":true,"href":"https:\/\/radiostargjilan.com\/web\/wp-json\/wp\/v2\/comments?post=242752"}],"version-history":[{"count":1,"href":"https:\/\/radiostargjilan.com\/web\/wp-json\/wp\/v2\/posts\/242752\/revisions"}],"predecessor-version":[{"id":242754,"href":"https:\/\/radiostargjilan.com\/web\/wp-json\/wp\/v2\/posts\/242752\/revisions\/242754"}],"wp:featuredmedia":[{"embeddable":true,"href":"https:\/\/radiostargjilan.com\/web\/wp-json\/wp\/v2\/media\/242753"}],"wp:attachment":[{"href":"https:\/\/radiostargjilan.com\/web\/wp-json\/wp\/v2\/media?parent=242752"}],"wp:term":[{"taxonomy":"category","embeddable":true,"href":"https:\/\/radiostargjilan.com\/web\/wp-json\/wp\/v2\/categories?post=242752"},{"taxonomy":"post_tag","embeddable":true,"href":"https:\/\/radiostargjilan.com\/web\/wp-json\/wp\/v2\/tags?post=242752"},{"taxonomy":"tmauthors","embeddable":true,"href":"https:\/\/radiostargjilan.com\/web\/wp-json\/wp\/v2\/tmauthors?post=242752"}],"curies":[{"name":"wp","href":"https:\/\/api.w.org\/{rel}","templated":true}]}}